{"id":10532,"date":"2015-02-25T14:10:56","date_gmt":"2015-02-25T13:10:56","guid":{"rendered":"https:\/\/www.access-info.org\/?p=10532"},"modified":"2020-02-14T15:34:47","modified_gmt":"2020-02-14T14:34:47","slug":"el-portal-de-transparencia-nace-sin-informacion-sobre-su-coste-2","status":"publish","type":"post","link":"https:\/\/www.access-info.org\/es\/2015-02-25\/el-portal-de-transparencia-nace-sin-informacion-sobre-su-coste-2\/","title":{"rendered":"El Portal de Transparencia nace sin informaci\u00f3n sobre su coste"},"content":{"rendered":"<p>Eldiario.es | 11\/12\/2014 Castellano &#8211; Un Portal de Transparencia poco transparente. Es una de las conclusiones tras buscar la informaci\u00f3n sobre el coste econ\u00f3mico del desarrollo y lanzamiento de esa web que el Gobierno ha vendido a bombo y platillo. Tampoco es posible encontrar datos sobre qui\u00e9n est\u00e1 detr\u00e1s de la p\u00e1gina, porque no ofrece un contacto al que poder hacer preguntas. Read more&#8230;<\/p>\n","protected":false},"excerpt":{"rendered":"<p>Eldiario.es | 11\/12\/2014 Castellano &#8211; Un Portal de Transparencia poco transparente. Es una de las conclusiones tras buscar la informaci\u00f3n sobre el coste econ\u00f3mico del desarrollo y lanzamiento de esa web que el Gobierno ha vendido a bombo y platillo. Tampoco es posible encontrar datos sobre qui\u00e9n est\u00e1 detr\u00e1s de la p\u00e1gina, porque no ofrece un contacto al que poder hacer preguntas. Read more&#8230;<\/p>\n","protected":false},"author":6,"featured_media":0,"comment_status":"closed","ping_status":"open","sticky":false,"template":"","format":"standard","meta":{"footnotes":""},"categories":[88],"tags":[],"class_list":["post-10532","post","type-post","status-publish","format-standard","hentry","category-aieinthenews-es"],"_links":{"self":[{"href":"https:\/\/www.access-info.org\/es\/wp-json\/wp\/v2\/posts\/10532","targetHints":{"allow":["GET"]}}],"collection":[{"href":"https:\/\/www.access-info.org\/es\/wp-json\/wp\/v2\/posts"}],"about":[{"href":"https:\/\/www.access-info.org\/es\/wp-json\/wp\/v2\/types\/post"}],"author":[{"embeddable":true,"href":"https:\/\/www.access-info.org\/es\/wp-json\/wp\/v2\/users\/6"}],"replies":[{"embeddable":true,"href":"https:\/\/www.access-info.org\/es\/wp-json\/wp\/v2\/comments?post=10532"}],"version-history":[{"count":1,"href":"https:\/\/www.access-info.org\/es\/wp-json\/wp\/v2\/posts\/10532\/revisions"}],"predecessor-version":[{"id":14025,"href":"https:\/\/www.access-info.org\/es\/wp-json\/wp\/v2\/posts\/10532\/revisions\/14025"}],"wp:attachment":[{"href":"https:\/\/www.access-info.org\/es\/wp-json\/wp\/v2\/media?parent=10532"}],"wp:term":[{"taxonomy":"category","embeddable":true,"href":"https:\/\/www.access-info.org\/es\/wp-json\/wp\/v2\/categories?post=10532"},{"taxonomy":"post_tag","embeddable":true,"href":"https:\/\/www.access-info.org\/es\/wp-json\/wp\/v2\/tags?post=10532"}],"curies":[{"name":"wp","href":"https:\/\/api.w.org\/{rel}","templated":true}]}}