{"id":11716,"date":"2012-09-12T14:35:54","date_gmt":"2012-09-12T14:35:54","guid":{"rendered":"https:\/\/www.access-info.org\/s1-advancing-the-right-to-know\/c3-spain\/11716"},"modified":"2018-11-13T10:13:14","modified_gmt":"2018-11-13T09:13:14","slug":"los-informes-ocultos-de-la-ley-de-transparencia","status":"publish","type":"post","link":"https:\/\/www.access-info.org\/es\/2012-09-12\/los-informes-ocultos-de-la-ley-de-transparencia\/","title":{"rendered":"Los informes ocultos de la Ley de Transparencia"},"content":{"rendered":"<p><img decoding=\"async\" class=\" alignright size-full wp-image-11712\" style=\"margin-top: 5px; margin-bottom: 5px; margin-left: 10px; border: 2px solid #515151; float: right;\" src=\"http:\/\/www.access-info.org\/wp-content\/uploads\/eldiario.jpg\" alt=\"eldiario\" width=\"250\" srcset=\"https:\/\/www.access-info.org\/wp-content\/uploads\/eldiario-300x258.jpg 300w, https:\/\/www.access-info.org\/wp-content\/uploads\/eldiario.jpg 500w\" sizes=\"(max-width: 500px) 100vw, 500px\" \/><em>Madrid, 12 de septiembre de 2013<\/em> \u2014 El domingo 9 de septiembre <a href=\"http:\/\/www.eldiario.es\" target=\"_blank\">eldiario.es<\/a> public\u00f3 en su p\u00e1gina web informes relacionados con la Ley de Transparencia, Acceso a la Informaci\u00f3n P\u00fablica y Buen Gobierno, que hasta ahora hab\u00edan permanecido ocultos a la opini\u00f3n p\u00fablica, con un art\u00edculo de Mar Cabra, cuyo texto \u00edntegro puedes leer <a href=\"http:\/\/www.eldiario.es\/zonacritica\/informes-ocultos-Ley-Transparencia_6_45905413.html\" target=\"_blank\">aqu\u00ed<\/a>.<\/p>\n<p>Entre estos informes se encuentran:<\/p>\n<p><a class=\"jce_file\" title=\"El Informe sobre la consulta p\u00fablica electr\u00f3nica del Anteproyecto de Ley de Transparencia, Acceso a la Informaci\u00f3n P\u00fablica y Buen Gobierno \" href=\"http:\/\/www.access-info.org\/wp-content\/uploads\/105482716-Informe-del-Ministerio-de-Presidencia.pdf\">El Informe sobre la consulta p\u00fablica electr\u00f3nica del Anteproyecto de Ley de Transparencia, Acceso a la Informaci\u00f3n P\u00fablica y Buen Gobierno<\/a><\/p>\n<p><a class=\"jce_file\" title=\"El Informe de la Agencia de Protecci\u00f3n de Datos\" href=\"http:\/\/www.access-info.org\/wp-content\/uploads\/105484598-Informe-de-la-Agencia-de-Proteccion-de-Datos.pdf\">El Informe de la Agencia de Protecci\u00f3n de Datos<\/a><\/p>\n<p><a class=\"jce_file\" title=\"El Informe del Consejo de Estado sobre la Ley de Transparencia\" href=\"http:\/\/www.access-info.org\/wp-content\/uploads\/105482040-Informe-del-Consejo-Estado-sobre-la-Ley-de-Transparencia.pdf\">El Informe del Consejo de Estado sobre la Ley de Transparencia<\/a><\/p>\n","protected":false},"excerpt":{"rendered":"<p>Madrid, 12 de septiembre de 2013 \u2014 El domingo 9 de septiembre eldiario.es public\u00f3 en su p\u00e1gina web informes relacionados con la Ley de Transparencia, Acceso a la Informaci\u00f3n P\u00fablica y Buen Gobierno, que hasta ahora hab\u00edan permanecido ocultos a la opini\u00f3n p\u00fablica, con un art\u00edculo de Mar Cabra, cuyo texto \u00edntegro puedes leer aqu\u00ed. Entre estos informes se encuentran: El Informe sobre la consulta p\u00fablica electr\u00f3nica del Anteproyecto de Ley de Transparencia, Acceso a la Informaci\u00f3n P\u00fablica y Buen Gobierno El Informe de la Agencia de Protecci\u00f3n de Datos El Informe del Consejo de Estado sobre la Ley de<\/p>\n","protected":false},"author":6,"featured_media":11712,"comment_status":"closed","ping_status":"open","sticky":false,"template":"","format":"standard","meta":{"footnotes":""},"categories":[126],"tags":[],"class_list":["post-11716","post","type-post","status-publish","format-standard","has-post-thumbnail","hentry","category-esp"],"_links":{"self":[{"href":"https:\/\/www.access-info.org\/es\/wp-json\/wp\/v2\/posts\/11716","targetHints":{"allow":["GET"]}}],"collection":[{"href":"https:\/\/www.access-info.org\/es\/wp-json\/wp\/v2\/posts"}],"about":[{"href":"https:\/\/www.access-info.org\/es\/wp-json\/wp\/v2\/types\/post"}],"author":[{"embeddable":true,"href":"https:\/\/www.access-info.org\/es\/wp-json\/wp\/v2\/users\/6"}],"replies":[{"embeddable":true,"href":"https:\/\/www.access-info.org\/es\/wp-json\/wp\/v2\/comments?post=11716"}],"version-history":[{"count":2,"href":"https:\/\/www.access-info.org\/es\/wp-json\/wp\/v2\/posts\/11716\/revisions"}],"predecessor-version":[{"id":17928,"href":"https:\/\/www.access-info.org\/es\/wp-json\/wp\/v2\/posts\/11716\/revisions\/17928"}],"wp:featuredmedia":[{"embeddable":true,"href":"https:\/\/www.access-info.org\/es\/wp-json\/wp\/v2\/media\/11712"}],"wp:attachment":[{"href":"https:\/\/www.access-info.org\/es\/wp-json\/wp\/v2\/media?parent=11716"}],"wp:term":[{"taxonomy":"category","embeddable":true,"href":"https:\/\/www.access-info.org\/es\/wp-json\/wp\/v2\/categories?post=11716"},{"taxonomy":"post_tag","embeddable":true,"href":"https:\/\/www.access-info.org\/es\/wp-json\/wp\/v2\/tags?post=11716"}],"curies":[{"name":"wp","href":"https:\/\/api.w.org\/{rel}","templated":true}]}}