{"id":11718,"date":"2012-09-18T10:33:39","date_gmt":"2012-09-18T10:33:39","guid":{"rendered":"https:\/\/www.access-info.org\/s1-advancing-the-right-to-know\/c3-spain\/11718"},"modified":"2018-11-13T10:13:14","modified_gmt":"2018-11-13T09:13:14","slug":"10o-aniversario-del-dia-del-derecho-a-saber","status":"publish","type":"post","link":"https:\/\/www.access-info.org\/es\/2012-09-18\/10o-aniversario-del-dia-del-derecho-a-saber\/","title":{"rendered":"10\u00ba Aniversario del D\u00eda del Derecho a Saber"},"content":{"rendered":"<h2>Debate sobre la futura ley espa\u00f1ola de transparencia<\/h2>\n<p><img decoding=\"async\" class=\" alignright size-full wp-image-11717\" style=\"margin-top: 5px; margin-bottom: 5px; margin-left: 10px; border: 2px solid #515151; float: right;\" src=\"http:\/\/www.access-info.org\/wp-content\/uploads\/facultad1.jpg\" alt=\"facultad1\" width=\"250\" \/><\/p>\n<p>El 28 de septiembre se celebra el 10\u00ba D\u00eda Internacional del Derecho a Saber en todo el mundo. En Espa\u00f1a, este a\u00f1o tiene especial importancia, ya que se est\u00e1 tramitando la Ley de Transparencia, Acceso a la Informaci\u00f3n y Buen Gobierno.<\/p>\n<p>El proceso de redacci\u00f3n de este proyecto de ley, aprobado el pasado 27 de julio por el Consejo de Ministros, ha sido largo. En 2004, el primer gobierno de Zapatero promet\u00eda una ley que, finalmente, no convenci\u00f3 a la sociedad civil espa\u00f1ola, que reclama el reconocimiento de este derecho como un derecho fundamental y que persigue una ley con un alcance mayor y con mejores garant\u00edas de implementaci\u00f3n.<\/p>\n<p><!--more--><\/p>\n<p>Ahora es el turno del Congreso. En la pasada campa\u00f1a electoral, los partidos presentaban distintas propuestas de ley de transparencia y ahora les toca defenderlas. El proyecto de ley va a ser tramitado en la Comisi\u00f3n Constitucional y los partidos tienen hasta el 25 de septiembre para presentar sus enmiendas.<\/p>\n<p>Para abrir este proceso de negociaci\u00f3n sobre la ley de transparencia, la Coalici\u00f3n Pro Acceso organiza un debate en el que los cinco partidos pol\u00edticos encargados de defender este proyecto de ley: PP, PSOE, IU, CIU y UPyD presentar\u00e1n sus propuestas para mejorar la futura ley de transparencia.<\/p>\n<p>El evento comenzar\u00e1 con una introducci\u00f3n por parte de los Miembros de la Coalici\u00f3n Pro Acceso, en la que se presentar\u00e1n las recomendaciones que se hacen desde la sociedad civil para conseguir una ley con todas las garant\u00edas. A continuaci\u00f3n, los representantes de los distintos partidos dar\u00e1n su opini\u00f3n sobre la ley y se abrir\u00e1 un debate.<\/p>\n<p>El evento ser\u00e1 el jueves 27 de septiembre, a las 18:00 h., en la Facultad de Ciencias de la Informaci\u00f3n de la Universidad Complutense de Madrid.<\/p>\n<p><strong>Agenda:<\/strong><\/p>\n<p>10\u00ba Aniversario del D\u00eda del Derecho a Saber<br \/>\nMesa Redonda:\u201cLey de Transparencia, Acceso a la Informaci\u00f3n P\u00fablica y Buen Gobierno\u201d<\/p>\n<p>D\u00eda: 27 de septiembre de 2012<br \/>\nHora: 18:00 h.<\/p>\n<p>Lugar: Facultad de Ciencias de la Informaci\u00f3n. Universidad Complutense de Madrid.<br \/>\nSal\u00f3n de Actos. Edificio nuevo.<br \/>\nCiudad Universitaria, 28040<\/p>\n<p>Asistentes:<\/p>\n<ul>\n<li>Irene Lozano, UPyD<\/li>\n<li>Joan Josep Nuet, Izquierda Plural<\/li>\n<li>Meritxell Batet, PSOE<\/li>\n<li>PP, Por confirmar<\/li>\n<li>Modera: Borja Bergareche, corresponsal de ABC en Londres.<\/li>\n<\/ul>\n","protected":false},"excerpt":{"rendered":"<p>Debate sobre la futura ley espa\u00f1ola de transparencia El 28 de septiembre se celebra el 10\u00ba D\u00eda Internacional del Derecho a Saber en todo el mundo. En Espa\u00f1a, este a\u00f1o tiene especial importancia, ya que se est\u00e1 tramitando la Ley de Transparencia, Acceso a la Informaci\u00f3n y Buen Gobierno. El proceso de redacci\u00f3n de este proyecto de ley, aprobado el pasado 27 de julio por el Consejo de Ministros, ha sido largo. En 2004, el primer gobierno de Zapatero promet\u00eda una ley que, finalmente, no convenci\u00f3 a la sociedad civil espa\u00f1ola, que reclama el reconocimiento de este derecho como un<\/p>\n","protected":false},"author":6,"featured_media":11717,"comment_status":"closed","ping_status":"open","sticky":false,"template":"","format":"standard","meta":{"footnotes":""},"categories":[126],"tags":[],"class_list":["post-11718","post","type-post","status-publish","format-standard","has-post-thumbnail","hentry","category-esp"],"_links":{"self":[{"href":"https:\/\/www.access-info.org\/es\/wp-json\/wp\/v2\/posts\/11718","targetHints":{"allow":["GET"]}}],"collection":[{"href":"https:\/\/www.access-info.org\/es\/wp-json\/wp\/v2\/posts"}],"about":[{"href":"https:\/\/www.access-info.org\/es\/wp-json\/wp\/v2\/types\/post"}],"author":[{"embeddable":true,"href":"https:\/\/www.access-info.org\/es\/wp-json\/wp\/v2\/users\/6"}],"replies":[{"embeddable":true,"href":"https:\/\/www.access-info.org\/es\/wp-json\/wp\/v2\/comments?post=11718"}],"version-history":[{"count":2,"href":"https:\/\/www.access-info.org\/es\/wp-json\/wp\/v2\/posts\/11718\/revisions"}],"predecessor-version":[{"id":17930,"href":"https:\/\/www.access-info.org\/es\/wp-json\/wp\/v2\/posts\/11718\/revisions\/17930"}],"wp:featuredmedia":[{"embeddable":true,"href":"https:\/\/www.access-info.org\/es\/wp-json\/wp\/v2\/media\/11717"}],"wp:attachment":[{"href":"https:\/\/www.access-info.org\/es\/wp-json\/wp\/v2\/media?parent=11718"}],"wp:term":[{"taxonomy":"category","embeddable":true,"href":"https:\/\/www.access-info.org\/es\/wp-json\/wp\/v2\/categories?post=11718"},{"taxonomy":"post_tag","embeddable":true,"href":"https:\/\/www.access-info.org\/es\/wp-json\/wp\/v2\/tags?post=11718"}],"curies":[{"name":"wp","href":"https:\/\/api.w.org\/{rel}","templated":true}]}}