{"id":13640,"date":"2014-01-23T10:04:21","date_gmt":"2014-01-23T09:04:21","guid":{"rendered":"https:\/\/www.access-info.org\/?p=13640"},"modified":"2020-02-14T16:02:41","modified_gmt":"2020-02-14T15:02:41","slug":"access-info-condena-los-intentos-por-parte-del-gobierno-aleman-para-impedir-la-divulgacion-de-unos-documentos-obtenidos-a-traves-del-ejercicio-de-la-ley-por-la-libertad-de-la-informacion","status":"publish","type":"post","link":"https:\/\/www.access-info.org\/es\/2014-01-23\/access-info-condena-los-intentos-por-parte-del-gobierno-aleman-para-impedir-la-divulgacion-de-unos-documentos-obtenidos-a-traves-del-ejercicio-de-la-ley-por-la-libertad-de-la-informacion\/","title":{"rendered":"Access Info condena los intentos por parte del gobierno alem\u00e1n para impedir la divulgaci\u00f3n de unos documentos obtenidos a trav\u00e9s del ejercicio de la Ley por la Libertad de la Informaci\u00f3n"},"content":{"rendered":"<p><em>Madrid, 23 de enero de 2014<\/em> \u2013 Hoy Access Info ha condenado la orden emitida por el gobierno alem\u00e1n a la plataforma de solicitud de informaci\u00f3n <a href=\"http:\/\/www.fragdenstaat.de\" target=\"_blank\" rel=\"noopener noreferrer\">FragdenStaat.de<\/a> requiriendo la retirada y la censura de un documento online elaborado por el gobierno y obtenido a trav\u00e9s de la ley alemana de acceso a la informaci\u00f3n bajo el pretexto de la protecci\u00f3n de los derechos de autor.<\/p>\n<p>El documento conten\u00eda una opini\u00f3n sobre un juzgado del Tribunal Constitucional Federal Alem\u00e1n, el cual hab\u00eda declarado que el 5% establecido por la UE como porcentaje m\u00ednimo para que los partidos pol\u00edticos puedan ocupar un esca\u00f1o en las elecciones europeas era inconstitucional. En contra de este dictamen &#8211; la cual tambi\u00e9n establec\u00eda que toda otra clase de umbral en este sentido ser\u00eda as\u00ed mismo inconstitucional &#8211; en 2013 el Bundestag alem\u00e1n aprob\u00f3 un m\u00ednimo de un 3% para las elecciones europeas.<\/p>\n<p>Access Info recuerda que el derecho a la informaci\u00f3n est\u00e1 ligado al derecho de libertad de expresi\u00f3n reconocido por el Tribunal Europeo de los Derechos Humanos y el Comit\u00e9 de Derechos Humanos de la ONU. Por tanto, todo aqu\u00e9l que reciba un documento a trav\u00e9s de una solicitud de informaci\u00f3n deber\u00eda tener derecho a difundirlo. <div class=\"fusion-fullwidth fullwidth-box fusion-builder-row-1 hundred-percent-fullwidth non-hundred-percent-height-scrolling\" style=\"--awb-border-radius-top-left:0px;--awb-border-radius-top-right:0px;--awb-border-radius-bottom-right:0px;--awb-border-radius-bottom-left:0px;--awb-overflow:visible;--awb-flex-wrap:wrap;\" ><div class=\"fusion-builder-row fusion-row\"><div class=\"fusion-layout-column fusion_builder_column fusion-builder-column-0 fusion_builder_column_1_1 1_1 fusion-one-full fusion-column-first fusion-column-last fusion-column-no-min-height\" style=\"--awb-bg-size:cover;--awb-margin-bottom:0px;\"><div class=\"fusion-column-wrapper fusion-flex-column-wrapper-legacy\">[1]\n<p>\u201c<em>Intentando impedir la publicaci\u00f3n del documento obtenido gracias al ejercicio del derecho a la informaci\u00f3n, el gobierno alem\u00e1n est\u00e1 limitando el debate p\u00fablico acerca de un asunto importante, probablemente para evitar la verg\u00fcenza o las cr\u00edticas,<\/em>\u201d ha afirmado Helen Darbishire, Directora Ejecutiva de Access Info Europe.<\/p>\n<p>\u201c<em>Adem\u00e1s de ser una violaci\u00f3n de la libertad de expresi\u00f3n e informaci\u00f3n, esta orden de retirada y censura es absurda,<\/em>\u201d ha a\u00f1adido. \u201c<em>No es l\u00f3gico impedir que se comparta este documento, el cual ha sido publicado por un solicitante, ya que cualquier otro miembro del p\u00fablico podr\u00eda obtenerlo tambi\u00e9n a trav\u00e9s de una solicitud de informaci\u00f3n.<\/em>\u201d<\/p>\n<p>Access Info Europe ha publicado este documento en su p\u00e1gina web (ver debajo), y muchas otras p\u00e1ginas de todo el mundo est\u00e1n reflej\u00e1ndolo como forma de proteger los derechos de libertad de expresi\u00f3n e informaci\u00f3n.<\/p>\n<p>Access Info Europe hace un llamamiento a las autoridades alemanas para retirar la orden y modificar su r\u00e9gimen de derechos de autor, adoptando licencias abiertas para todos los documentos oficiales gubernamentales.<\/p>\n<p>Access Info Europe indica que Alemania tiene uno de los sistemas de acceso a la informaci\u00f3n m\u00e1s d\u00e9biles del mundo, ocupando el puesto 91 de 95 seg\u00fan el <a href=\"http:\/\/www.rti-rating.org\" target=\"_blank\" rel=\"noopener noreferrer\">RTI Rating<\/a>. Alemania es uno de los escasos pa\u00edses europeos que no ha reconocido el acceso a la informaci\u00f3n como un derecho fundamental en su constituci\u00f3n.[3]\n<p>Puede descargar las copias de los documentos (en alem\u00e1n) aqu\u00ed:<\/p>\n<p>Das Anschreiben (La carta de presentaci\u00f3n) &#8211; <a class=\"jce_file\" title=\"anschreiben.pdf\" href=\"http:\/\/www.access-info.org\/documents\/Access_Docs\/Advancing\/anschreiben.pdf\" target=\"_blank\" rel=\"noopener noreferrer\"><img decoding=\"async\" src=\"http:\/\/www.access-info.org\/documents\/images\/file_pdf.png\" alt=\"file_pdf\" width=\"16\" height=\"16\" \/><\/a><br \/>\nDie Stellungnahme (La opini\u00f3n) &#8211; <a class=\"jce_file_custom\" title=\"vermerk_eusperrklausel.pdf\" href=\"http:\/\/www.access-info.org\/documents\/Access_Docs\/Advancing\/vermerk_eusperrklausel.pdf\" target=\"_blank\" rel=\"noopener noreferrer\"><img decoding=\"async\" src=\"http:\/\/www.access-info.org\/documents\/images\/file_pdf.png\" alt=\"file_pdf\" width=\"16\" height=\"16\" \/><\/a><br \/>\nDie Abmahnung (El aviso) &#8211; <a class=\"jce_file_custom\" title=\"abmahnung_redeker.pdf\" href=\"http:\/\/www.access-info.org\/documents\/Access_Docs\/Advancing\/abmahnung_redeker.pdf\" target=\"_blank\" rel=\"noopener noreferrer\"><img decoding=\"async\" src=\"http:\/\/www.access-info.org\/documents\/images\/file_pdf.png\" alt=\"file_pdf\" width=\"16\" height=\"16\" \/><\/a><br \/>\nUnsere Antwort (La respuesta de FragDenStaat) &#8211; <a class=\"jce_file_custom\" title=\"abwehrschreiben.pdf\" href=\"http:\/\/www.access-info.org\/documents\/Access_Docs\/Advancing\/abwehrschreiben.pdf\" target=\"_blank\" rel=\"noopener noreferrer\"><img decoding=\"async\" src=\"http:\/\/www.access-info.org\/documents\/images\/file_pdf.png\" alt=\"file_pdf\" width=\"16\" height=\"16\" \/><\/a><\/p>\n<p>Puede averiguar m\u00e1s sobre el caso y la nota de prensa emitida por FragdenStaat.de <a href=\"https:\/\/fragdenstaat.de\/presse\/2014-01-21-bmi-mahnt-fragdenstaat-ab\/#top\" target=\"_blank\" rel=\"noopener noreferrer\">aqu\u00ed<\/a>.<\/p>\n<h4>Para m\u00e1s informaci\u00f3n, por favor contacte con:<\/h4>\n<p><strong>Helen Darbishire | <\/strong>Access Info Europe<br \/>\n<a href=\"mailto:helen@access-info.org\" target=\"_blank\" rel=\"noopener noreferrer\">helen@access-info.org<\/a> +34 667 685 319<\/p>\n<p><strong>Notas para editores<\/strong><\/p>\n<p><strong>[1]<\/strong>La relevante jurisprudencia del Tribunal Europeo de los Derechos Humanos que establece el derecho de acceso a la informaci\u00f3n ligado al derecho a la libertad de expresi\u00f3n, incluye TASZ v. Hungary, YIHR v. Serbia, and \u00d6sterreichische Vereinigung zur Erhaltung, St\u00e4rkung und Schaffung eines wirtschaftlich gesunden land- und forstwirt- schaftlichen Grundbesitzes v. Austria.<br \/>\n<strong>[2]<\/strong> FragDenStaat.de es una plataforma web alemana que ayuda a los ciudadanos a ejercer su derecho a acceder a la informaci\u00f3n p\u00fablica, en semejanza con <a href=\"http:\/\/www.asktheeu.org\" target=\"_blank\" rel=\"noopener noreferrer\">AsktheEU.org<\/a> en la UE, <a href=\"http:\/\/www.tuderechoasaber.es\" target=\"_blank\" rel=\"noopener noreferrer\">Tuderechoasaber.es<\/a> en Espa\u00f1a y <a href=\"http:\/\/www.whatdotheyknow.com\" target=\"_blank\" rel=\"noopener noreferrer\">WhatDoTheyKnow.com<\/a> en el Reino Unido. En 2012, m\u00e1s de un tercio de las solicitudes para el acceso a la informaci\u00f3n realizadas en Alemania se llevaron a cabo a trav\u00e9s de la web alemana.<br \/>\n<strong>[3]<\/strong> Los pa\u00edses que cuentan con protecci\u00f3n constitucional del derecho al acceso a la informaci\u00f3n incluyen a Suecia, Noruega, Finlandia, Polonia, Estonia, Letonia, Eslovenia, Serbia, y otros en Europa y en el mundo. La jurisprudencia en Francia ha confirmado que se trata de un derecho constitucional. A nivel de la Uni\u00f3n Europea, existe un derecho fundamental para el acceso a los documentos de la UE protegido por los Tratados europeos.<div class=\"fusion-clearfix\"><\/div><\/div><\/div><\/div><\/div><\/p>\n","protected":false},"excerpt":{"rendered":"<p>Madrid, 23 de enero de 2014 \u2013 Hoy Access Info ha condenado la orden emitida por el gobierno alem\u00e1n a la plataforma de solicitud de informaci\u00f3n FragdenStaat.de requiriendo la retirada y la censura de un documento online elaborado por el gobierno y obtenido a trav\u00e9s de la ley alemana de acceso a la informaci\u00f3n bajo el pretexto de la protecci\u00f3n de los derechos de autor. El documento conten\u00eda una opini\u00f3n sobre un juzgado del Tribunal Constitucional Federal Alem\u00e1n, el cual hab\u00eda declarado que el 5% establecido por la UE como porcentaje m\u00ednimo para que los partidos pol\u00edticos puedan ocupar un<\/p>\n","protected":false},"author":6,"featured_media":20266,"comment_status":"closed","ping_status":"open","sticky":false,"template":"","format":"standard","meta":{"footnotes":""},"categories":[91],"tags":[],"class_list":["post-13640","post","type-post","status-publish","format-standard","has-post-thumbnail","hentry","category-nat-es"],"_links":{"self":[{"href":"https:\/\/www.access-info.org\/es\/wp-json\/wp\/v2\/posts\/13640","targetHints":{"allow":["GET"]}}],"collection":[{"href":"https:\/\/www.access-info.org\/es\/wp-json\/wp\/v2\/posts"}],"about":[{"href":"https:\/\/www.access-info.org\/es\/wp-json\/wp\/v2\/types\/post"}],"author":[{"embeddable":true,"href":"https:\/\/www.access-info.org\/es\/wp-json\/wp\/v2\/users\/6"}],"replies":[{"embeddable":true,"href":"https:\/\/www.access-info.org\/es\/wp-json\/wp\/v2\/comments?post=13640"}],"version-history":[{"count":3,"href":"https:\/\/www.access-info.org\/es\/wp-json\/wp\/v2\/posts\/13640\/revisions"}],"predecessor-version":[{"id":32827,"href":"https:\/\/www.access-info.org\/es\/wp-json\/wp\/v2\/posts\/13640\/revisions\/32827"}],"wp:featuredmedia":[{"embeddable":true,"href":"https:\/\/www.access-info.org\/es\/wp-json\/wp\/v2\/media\/20266"}],"wp:attachment":[{"href":"https:\/\/www.access-info.org\/es\/wp-json\/wp\/v2\/media?parent=13640"}],"wp:term":[{"taxonomy":"category","embeddable":true,"href":"https:\/\/www.access-info.org\/es\/wp-json\/wp\/v2\/categories?post=13640"},{"taxonomy":"post_tag","embeddable":true,"href":"https:\/\/www.access-info.org\/es\/wp-json\/wp\/v2\/tags?post=13640"}],"curies":[{"name":"wp","href":"https:\/\/api.w.org\/{rel}","templated":true}]}}