{"id":13751,"date":"2014-11-26T11:24:25","date_gmt":"2014-11-26T10:24:25","guid":{"rendered":"https:\/\/www.access-info.org\/?p=13751"},"modified":"2020-02-14T16:01:48","modified_gmt":"2020-02-14T15:01:48","slug":"primera-mision-internacional-para-la-libertad-de-expresion-en-espana-1-3-de-diciembre-2014","status":"publish","type":"post","link":"https:\/\/www.access-info.org\/es\/2014-11-26\/primera-mision-internacional-para-la-libertad-de-expresion-en-espana-1-3-de-diciembre-2014\/","title":{"rendered":"Primera Misi\u00f3n Internacional para la Libertad de Expresi\u00f3n en Espa\u00f1a 1-3 de diciembre 2014"},"content":{"rendered":"<h2>Los puntos problem\u00e1ticos: Leyes de Difamaci\u00f3n, regulaci\u00f3n audiovisual y el derecho al acceso de informaci\u00f3n<\/h2>\n<p><em>Madrid, 26 de noviembre de 2014<\/em> &#8211; Expertos Internacionales de libertad de expresi\u00f3n, se reunir\u00e1n en Espa\u00f1a del 1-3 de diciembre con el objetivo de reunir y recopilar informaci\u00f3n sobre el nivel de libertad de prensa, libertad de expresi\u00f3n y el derecho al acceso de informaci\u00f3n en Espa\u00f1a.<\/p>\n<p>Esta es la primera vez que se realiza una misi\u00f3n de estas caracter\u00edsticas en Espa\u00f1a. Liderada por el <a href=\"http:\/\/www.freemedia.at\/\" target=\"_blank\" rel=\"noopener noreferrer\">Instituto Internacional de Prensa<\/a> (IPI, por sus siglas en ingl\u00e9s) en coordinaci\u00f3n con Access Info Europe, la misi\u00f3n cuenta con representantes del <a href=\"https:\/\/www.cpj.org\/\" target=\"_blank\" rel=\"noopener noreferrer\">Comit\u00e9 para la Protecci\u00f3n de Periodistas<\/a> (CPJ), <a href=\"http:\/\/en.rsf.org\/\" target=\"_blank\" rel=\"noopener noreferrer\">Reporteros Sin Fronteras<\/a> (RSF), la <a href=\"http:\/\/www.wan-ifra.org\/\" target=\"_blank\" rel=\"noopener noreferrer\">Asociaci\u00f3n Mundial de Peri\u00f3dicos y Publicistas<\/a> (WAN-IFRA), la <a href=\"http:\/\/europe.ifj.org\/\" target=\"_blank\" rel=\"noopener noreferrer\">Federaci\u00f3n Europea de Periodistas<\/a>, y la <a href=\"http:\/\/www.opensocietyfoundations.org\/\" target=\"_blank\" rel=\"noopener noreferrer\">Fundaci\u00f3n Open Society <\/a> (OSF).<\/p>\n<p>Esta misi\u00f3n es el seguimiento a una <a href=\"http:\/\/www.access-info.org\/index.php\/en\/spain\/623-unhrc-iccpr-submission\" target=\"_blank\" rel=\"noopener noreferrer\">carta oficial<\/a> enviada por dichas organizaciones al Comit\u00e9 de las Naciones Unidas de Derechos Humanos el 17 de octubre 2014 donde se elevaron los puntos m\u00e1s preocupantes sobre la libertad de expresi\u00f3n en Espa\u00f1a.<\/p>\n<p>Estos puntos son: el abuso de las leyes de difamaci\u00f3n que ejercen presi\u00f3n sobre los medios, la falta de una regulaci\u00f3n audiovisual independiente (Espa\u00f1a es el \u00fanico pa\u00eds de la UE que no posee una entidad reguladora independiente) y la escasa transparencia gubernamental, agravada por la mala calidad de la ley de transparencia que se entrar\u00e1 en vigor el 10 de diciembre 2014.<\/p>\n<p>El objetivo de esta misi\u00f3n es recopilar informaci\u00f3n sobre estas cuestiones a trav\u00e9s de reuniones con asociaciones de periodistas, los principales medios de comunicaci\u00f3n del pa\u00eds, organizaciones no gubernamentales y el equipo de la Defensora del Pueblo. Tambi\u00e9n se mantendr\u00e1n conversaciones con los impulsores de la reci\u00e9n lanzada Plataforma en Defensa de Libertad de Informaci\u00f3n.<\/p>\n<p>A d\u00eda de hoy, ni la Moncloa ni el Ministerio de Justicia han confirmado una reuni\u00f3n a pesar de la insistencia de los organizadores.<\/p>\n<p>La misi\u00f3n se reunir\u00e1 en Madrid el 1 y el 2 de diciembre y en Barcelona el 3 de diciembre.<\/p>\n<h2>Primera formaci\u00f3n en Espa\u00f1a sobre mecanismo de protecci\u00f3n internacional a periodistas: 27 \u2013 28 de noviembre<\/h2>\n<p>Justo antes de esta misi\u00f3n internacional, se organizar\u00e1n unas sesiones formativas para periodistas y abogados que estudiar\u00e1 la normativa internacional que delimita el abuso que las leyes de difamaci\u00f3n ejercen en contra de los periodistas que critican los poderes estatales y gubernamentales.<\/p>\n<p>La primera sesi\u00f3n de esta formaci\u00f3n est\u00e1 abierta para todos los periodistas que quieran asistir. Tendr\u00e1 lugar el jueves 27 de noviembre a las 10:00 en la Asociaci\u00f3n de la Prensa de Madrid y contar\u00e1 con expertos a nivel nacional como Borja Bergareche, Antonio Rubio, Pilar Velasco y Juan Luis Ortega, as\u00ed como representantes del IPI, Access Info Europe, y Media Legal Defence Initiative (MLDI) con sede en Londres, Reino Unido.<\/p>\n<p>Puedes encontrar m\u00e1s informaci\u00f3n sobre las sesiones de formaci\u00f3n <a href=\"http:\/\/live.access-info.org\/index.php\/en\/spain\/637-jornadas-abuso-difamacion\" target=\"_blank\" rel=\"noopener noreferrer\">aqu\u00ed<\/a> y verla en tiempo real en: <a href=\"http:\/\/live.access-info.org\/\" target=\"_blank\" rel=\"noopener noreferrer\">live.access-info.org<\/a>.<\/p>\n<h3>Para m\u00e1s informaci\u00f3n, contactar con:<\/h3>\n<p><strong>Victoria Anderica |<\/strong> Access Info Europe<br \/>\n<a href=\"mailto:victoria@access-info.org\" target=\"_blank\" rel=\"noopener noreferrer\">victoria@access-info.org<\/a>\u00a0 +34 606592976<\/p>\n","protected":false},"excerpt":{"rendered":"<p>Los puntos problem\u00e1ticos: Leyes de Difamaci\u00f3n, regulaci\u00f3n audiovisual y el derecho al acceso de informaci\u00f3n Madrid, 26 de noviembre de 2014 &#8211; Expertos Internacionales de libertad de expresi\u00f3n, se reunir\u00e1n en Espa\u00f1a del 1-3 de diciembre con el objetivo de reunir y recopilar informaci\u00f3n sobre el nivel de libertad de prensa, libertad de expresi\u00f3n y el derecho al acceso de informaci\u00f3n en Espa\u00f1a. Esta es la primera vez que se realiza una misi\u00f3n de estas caracter\u00edsticas en Espa\u00f1a. Liderada por el Instituto Internacional de Prensa (IPI, por sus siglas en ingl\u00e9s) en coordinaci\u00f3n con Access Info Europe, la misi\u00f3n cuenta<\/p>\n","protected":false},"author":6,"featured_media":18878,"comment_status":"closed","ping_status":"open","sticky":false,"template":"","format":"standard","meta":{"footnotes":""},"categories":[83],"tags":[],"class_list":["post-13751","post","type-post","status-publish","format-standard","has-post-thumbnail","hentry","category-esp-es"],"_links":{"self":[{"href":"https:\/\/www.access-info.org\/es\/wp-json\/wp\/v2\/posts\/13751","targetHints":{"allow":["GET"]}}],"collection":[{"href":"https:\/\/www.access-info.org\/es\/wp-json\/wp\/v2\/posts"}],"about":[{"href":"https:\/\/www.access-info.org\/es\/wp-json\/wp\/v2\/types\/post"}],"author":[{"embeddable":true,"href":"https:\/\/www.access-info.org\/es\/wp-json\/wp\/v2\/users\/6"}],"replies":[{"embeddable":true,"href":"https:\/\/www.access-info.org\/es\/wp-json\/wp\/v2\/comments?post=13751"}],"version-history":[{"count":3,"href":"https:\/\/www.access-info.org\/es\/wp-json\/wp\/v2\/posts\/13751\/revisions"}],"predecessor-version":[{"id":32821,"href":"https:\/\/www.access-info.org\/es\/wp-json\/wp\/v2\/posts\/13751\/revisions\/32821"}],"wp:featuredmedia":[{"embeddable":true,"href":"https:\/\/www.access-info.org\/es\/wp-json\/wp\/v2\/media\/18878"}],"wp:attachment":[{"href":"https:\/\/www.access-info.org\/es\/wp-json\/wp\/v2\/media?parent=13751"}],"wp:term":[{"taxonomy":"category","embeddable":true,"href":"https:\/\/www.access-info.org\/es\/wp-json\/wp\/v2\/categories?post=13751"},{"taxonomy":"post_tag","embeddable":true,"href":"https:\/\/www.access-info.org\/es\/wp-json\/wp\/v2\/tags?post=13751"}],"curies":[{"name":"wp","href":"https:\/\/api.w.org\/{rel}","templated":true}]}}