{"id":13782,"date":"2014-10-17T11:47:46","date_gmt":"2014-10-17T09:47:46","guid":{"rendered":"https:\/\/www.access-info.org\/?p=13782"},"modified":"2020-02-14T15:35:45","modified_gmt":"2020-02-14T14:35:45","slug":"el-comite-de-derechos-humanos-de-la-onu-es-instado-a-investigar-las-violaciones-del-derecho-a-la-informacion-en-espana","status":"publish","type":"post","link":"https:\/\/www.access-info.org\/es\/2014-10-17\/el-comite-de-derechos-humanos-de-la-onu-es-instado-a-investigar-las-violaciones-del-derecho-a-la-informacion-en-espana\/","title":{"rendered":"El Comit\u00e9 de Derechos Humanos de la ONU es instado a investigar las violaciones del Derecho a la Informaci\u00f3n en Espa\u00f1a"},"content":{"rendered":"<p><em>Madrid, 17 de octubre de 2014<\/em> &#8211; El Comit\u00e9 de Derechos Humanos de la Organizaci\u00f3n de las Naciones Unidas ha sido instado a investigar las violaciones a la libertad de expresi\u00f3n y al derecho de acceso a la informaci\u00f3n en Espa\u00f1a a trav\u00e9s de una carta enviada por las principales organizaciones defensoras de la libertad de prensa.<\/p>\n<p>Esta es la primera vez que ONGs promotoras de la libertad de expresi\u00f3n han llevado el caso de Espa\u00f1a ante este Comit\u00e9 de la ONU. Las organizaciones firmantes, coordinadas por el<a href=\"http:\/\/www.freemedia.at\/\" target=\"_blank\" rel=\"noopener noreferrer\"> Instituto Internacional de Prensa<\/a>, son Access Info Europe, <a href=\"http:\/\/www.amarceurope.eu\/\" target=\"_blank\" rel=\"noopener noreferrer\">AMARC Europe<\/a>, <a href=\"http:\/\/www.article19.org\" target=\"_blank\" rel=\"noopener noreferrer\">Article 19<\/a>, <a href=\"http:\/\/europe.ifj.org\/\" target=\"_blank\" rel=\"noopener noreferrer\">European Federation of Journalists<\/a>, Free Expression Associates, <a href=\"http:\/\/en.rsf.org\/\" target=\"_blank\" rel=\"noopener noreferrer\">Reporters Without Borders<\/a>, y la <a href=\"http:\/\/www.wan-ifra.org\/\" target=\"_blank\" rel=\"noopener noreferrer\">World Association of Newspapers<\/a>.<\/p>\n<p>\u00ab<em>Hay una creciente preocupaci\u00f3n acerca del hecho de que la libertad de expresi\u00f3n se est\u00e1 viendo amenazada en Espa\u00f1a<\/em>\u00bb ha comentado Helen Darbishire, Directora de Access Info Europe. \u00ab<em>Nos preocupa la poca calidad de la ley de acceso a la informaci\u00f3n, as\u00ed como el abuso que se hace de denuncias a periodistas por difamaci\u00f3n, pretendiendo intimidar a aquellos que sacan a la luz casos de corrupci\u00f3n o las malas pr\u00e1cticas del gobierno.<\/em>\u00bb<\/p>\n<p>Las ONGs han hecho un llamamiento para que el Comit\u00e9 de Derechos Humanos de la ONU investigue las violaciones del Pacto de Derechos Civiles y Pol\u00edticos cometidas por Espa\u00f1a. Las preocupaciones expuestas abarcan tres categor\u00edas:<\/p>\n<p><strong>\u00bb La difamaci\u00f3n est\u00e1 considerada como una ofensa criminal<\/strong>, incluyendo entre otros, la protecci\u00f3n de instituciones y s\u00edmbolos estatales. En los \u00faltimos a\u00f1os poderosas figuras pol\u00edticas y empresariales han recurrido a la difamaci\u00f3n con el fin de reprimir al periodismo de investigaci\u00f3n que expone sus malas pr\u00e1cticas, incluyendo casos de corrupci\u00f3n.<br \/>\n<strong>\u00bb La insuficiente independencia en la regulaci\u00f3n de los medios<\/strong>. Espa\u00f1a es el \u00fanico pa\u00eds de la Uni\u00f3n Europea que no tiene un \u00f3rgano regulador nacional e independiente dedicado a la radiodifusi\u00f3n.<br \/>\n<strong>\u00bb El derecho de acceso a la informaci\u00f3n no est\u00e1 reconocido en Espa\u00f1a como un derecho fundamental<\/strong>. El Gobierno rechaz\u00f3 expresamente seguir la opini\u00f3n que realiz\u00f3 el Comit\u00e9 de Derechos Humanos de la ONU que defin\u00eda a este derecho como inherente a la libertad de expresi\u00f3n. La nueva Ley de Transparencia espa\u00f1ola, que entrar\u00e1 en vigor el 10 de diciembre 2014, no se aplica a todas las instituciones p\u00fablicas, excluye mucha informaci\u00f3n que est\u00e1 en posesi\u00f3n de estas instituciones, y estar\u00e1 supervisada por un \u00f3rgano de transparencia no independiente.<\/p>\n<p>Access Info Europe ha apuntado que los est\u00e1ndares marcados por el Comit\u00e9 sobre qu\u00e9 implica el derecho de acceso a la informaci\u00f3n incluyen tambi\u00e9n que \u00ab<em>las autoridades deben proporcionar razones ante cualquier negativa de proporcionar acceso a la informaci\u00f3n<\/em>\u00ab, algo que la ley espa\u00f1ola de transparencia viola, ya que permite el silencio administrativo tanto por parte de autoridades p\u00fablicas como del \u00f3rgano de supervisi\u00f3n, el Consejo de Transparencia.<\/p>\n<p>Puedes leer una copia de la carta enviada al Comit\u00e9 de Derechos humanos de la ONU en <a class=\"jce_file_custom\" title=\"Spain_CCPR_joint_submission_ENG.pdf\" href=\"http:\/\/www.access-info.org\/documents\/Access_Docs\/Advancing\/Spain\/Spain_CCPR_joint_submission_ENG.pdf\" target=\"_blank\" rel=\"noopener noreferrer\">Ingl\u00e9s<img decoding=\"async\" src=\"http:\/\/www.access-info.org\/documents\/images\/file_pdf.png\" alt=\"file_pdf\" width=\"16\" height=\"16\" \/><\/a>, y en <a class=\"jce_file_custom\" title=\"Spain_CCPR_joint_submission_ESP.pdf\" href=\"http:\/\/www.access-info.org\/documents\/Access_Docs\/Advancing\/Spain\/Spain_CCPR_joint_submission_ESP.pdf\" target=\"_blank\" rel=\"noopener noreferrer\">Espa\u00f1ol <img decoding=\"async\" src=\"http:\/\/www.access-info.org\/documents\/images\/file_pdf.png\" alt=\"file_pdf\" width=\"16\" height=\"16\" \/><\/a>.<\/p>\n<h3>Para m\u00e1s informaci\u00f3n, contactar con:<\/h3>\n<p><strong>Helen Darbishire |<\/strong> Access Info Europe<br \/>\n<a href=\"mailto:helen@access-info.org\" target=\"_blank\" rel=\"noopener noreferrer\">helen@access-info.org<\/a> +34 667 685 319<\/p>\n<p><strong>Vicky Anderica |<\/strong> Access Info Europe<br \/>\n<a href=\"mailto:victoria@access-info.org\" target=\"_blank\" rel=\"noopener noreferrer\">victoria@access-info.org<\/a> +34 913 656 558<\/p>\n","protected":false},"excerpt":{"rendered":"<p>Madrid, 17 de octubre de 2014 &#8211; El Comit\u00e9 de Derechos Humanos de la Organizaci\u00f3n de las Naciones Unidas ha sido instado a investigar las violaciones a la libertad de expresi\u00f3n y al derecho de acceso a la informaci\u00f3n en Espa\u00f1a a trav\u00e9s de una carta enviada por las principales organizaciones defensoras de la libertad de prensa. Esta es la primera vez que ONGs promotoras de la libertad de expresi\u00f3n han llevado el caso de Espa\u00f1a ante este Comit\u00e9 de la ONU. Las organizaciones firmantes, coordinadas por el Instituto Internacional de Prensa, son Access Info Europe, AMARC Europe, Article 19,<\/p>\n","protected":false},"author":6,"featured_media":20389,"comment_status":"closed","ping_status":"open","sticky":false,"template":"","format":"standard","meta":{"footnotes":""},"categories":[83],"tags":[],"class_list":["post-13782","post","type-post","status-publish","format-standard","has-post-thumbnail","hentry","category-esp-es"],"_links":{"self":[{"href":"https:\/\/www.access-info.org\/es\/wp-json\/wp\/v2\/posts\/13782","targetHints":{"allow":["GET"]}}],"collection":[{"href":"https:\/\/www.access-info.org\/es\/wp-json\/wp\/v2\/posts"}],"about":[{"href":"https:\/\/www.access-info.org\/es\/wp-json\/wp\/v2\/types\/post"}],"author":[{"embeddable":true,"href":"https:\/\/www.access-info.org\/es\/wp-json\/wp\/v2\/users\/6"}],"replies":[{"embeddable":true,"href":"https:\/\/www.access-info.org\/es\/wp-json\/wp\/v2\/comments?post=13782"}],"version-history":[{"count":2,"href":"https:\/\/www.access-info.org\/es\/wp-json\/wp\/v2\/posts\/13782\/revisions"}],"predecessor-version":[{"id":32808,"href":"https:\/\/www.access-info.org\/es\/wp-json\/wp\/v2\/posts\/13782\/revisions\/32808"}],"wp:featuredmedia":[{"embeddable":true,"href":"https:\/\/www.access-info.org\/es\/wp-json\/wp\/v2\/media\/20389"}],"wp:attachment":[{"href":"https:\/\/www.access-info.org\/es\/wp-json\/wp\/v2\/media?parent=13782"}],"wp:term":[{"taxonomy":"category","embeddable":true,"href":"https:\/\/www.access-info.org\/es\/wp-json\/wp\/v2\/categories?post=13782"},{"taxonomy":"post_tag","embeddable":true,"href":"https:\/\/www.access-info.org\/es\/wp-json\/wp\/v2\/tags?post=13782"}],"curies":[{"name":"wp","href":"https:\/\/api.w.org\/{rel}","templated":true}]}}