{"id":13922,"date":"2013-07-09T13:05:50","date_gmt":"2013-07-09T11:05:50","guid":{"rendered":"https:\/\/www.access-info.org\/?p=13922"},"modified":"2020-02-14T16:07:36","modified_gmt":"2020-02-14T15:07:36","slug":"el-defensor-del-pueblo-de-navarra-insta-al-gobierno-foral-a-flexibilizar-sus-requisitos-de-acceso-a-la-informacion","status":"publish","type":"post","link":"https:\/\/www.access-info.org\/es\/2013-07-09\/el-defensor-del-pueblo-de-navarra-insta-al-gobierno-foral-a-flexibilizar-sus-requisitos-de-acceso-a-la-informacion\/","title":{"rendered":"El Defensor del Pueblo de Navarra insta al Gobierno Foral a flexibilizar sus requisitos de acceso a la informaci\u00f3n"},"content":{"rendered":"<p>(Art\u00edculo publicado en <a href=\"http:\/\/blog.tuderechoasaber.es\/2013\/07\/el-defensor-del-pueblo-de-navarra-insta-al-gobierno-foral-a-flexibilizar-sus-requisitos-de-acceso-a-la-informacion\/\" target=\"_blank\" rel=\"noopener noreferrer\">tuderechoasaber.es<\/a> el 9 de julio de 2013)<\/p>\n<p>El Defensor del Pueblo de Navarra ha recomendado por escrito al Gobierno foral flexibilizar los requisitos de acceso a la informaci\u00f3n y ser menos restrictivo en la ejecuci\u00f3n t\u00e9cnica de la nueva Ley Foral de Transparencia y Gobierno Abierto de la Comunidad de Navarra.<\/p>\n<p>Esta reacci\u00f3n se ha producido tras una queja formal planteada desde Access Info Europe por Victoria Anderica, alertando de que a una ley de transparencia fundada sobre unos est\u00e1ndares avanzados como la navarra segu\u00eda en realidad toda una serie de restricciones que dificultaban el acceso a la informaci\u00f3n p\u00fablica de los ciudadanos. Entre ellas, obligar a los solicitantes a utilizar un certificado digital o DNIe y adem\u00e1s a dar su DNI, direcci\u00f3n postal y tel\u00e9fono para solicitar informaci\u00f3n. Access Info Europe y la Fundaci\u00f3n Ciudadana Civio, las dos organizaciones que impulsan Tuderechoasaber.es, alertaron por carta al Director de Gobierno Abierto de Navarra de estos obst\u00e1culos al acceso a la informaci\u00f3n en enero de 2013.<\/p>\n<p>Adem\u00e1s, el Defensor del Pueblo Navarro ha recomendado al Departamento de Presidencia, Justicia e Interior del Gobierno de Navarra que imparta las instrucciones oportunas para los correos electr\u00f3nicos se puedan considerar v\u00e1lidos jur\u00eddicamente y para que no se exija la direcci\u00f3n postal ni el n\u00famero de tel\u00e9fono a los solicitantes de informaci\u00f3n.<\/p>\n<p>\u00abEn esta nueva Administraci\u00f3n no caben, por tanto, clich\u00e9s o exigencias de la vieja Administraci\u00f3n que dificulten o impidan los nuevos derecho de los ciudadanos\u00bb, ha manifiestado el Defensor del Pueblo de Navarra. \u00abSi todo siguiera igual o parecido la ley foral fracasar\u00eda y lo que es peor sus objetivos de transparencia, de gobierno abierto, de acceso a la informaci\u00f3n p\u00fablica, de simplicidad, no ser\u00edan sino un mero desider\u00e1tum o un fiasco\u00bb.<\/p>\n<p>Quedamos a la espera de saber si el Gobierno de Navarra va a realizar los cambios recomendados por el Defensor del Pueblo cuyas recomendaciones no resultan vinculantes.<\/p>\n<p>Aqu\u00ed puedes consultar el intercambio de correspondencia entre el Defensor del Pueblo de Navarra y Access Info Europe:<\/p>\n<p><a title=\"View 04 07 2013 Navarra Defensor Vicky on Scribd\" href=\"http:\/\/www.scribd.com\/doc\/152644290\">04 07 2013 Navarra Defensor Vicky<\/a><\/p>\n<p><iframe id=\"doc_11691\" class=\"scribd_iframe_embed\" src=\"http:\/\/www.scribd.com\/embeds\/152644290\/content?start_page=1&amp;view_mode=scroll&amp;show_recommendations=true\" width=\"100%\" height=\"600\" frameborder=\"0\" scrolling=\"no\"><\/iframe><\/p>\n","protected":false},"excerpt":{"rendered":"<p>(Art\u00edculo publicado en tuderechoasaber.es el 9 de julio de 2013) El Defensor del Pueblo de Navarra ha recomendado por escrito al Gobierno foral flexibilizar los requisitos de acceso a la informaci\u00f3n y ser menos restrictivo en la ejecuci\u00f3n t\u00e9cnica de la nueva Ley Foral de Transparencia y Gobierno Abierto de la Comunidad de Navarra. Esta reacci\u00f3n se ha producido tras una queja formal planteada desde Access Info Europe por Victoria Anderica, alertando de que a una ley de transparencia fundada sobre unos est\u00e1ndares avanzados como la navarra segu\u00eda en realidad toda una serie de restricciones que dificultaban el acceso a<\/p>\n","protected":false},"author":6,"featured_media":19973,"comment_status":"closed","ping_status":"open","sticky":false,"template":"","format":"standard","meta":{"footnotes":""},"categories":[83],"tags":[],"class_list":["post-13922","post","type-post","status-publish","format-standard","has-post-thumbnail","hentry","category-esp-es"],"_links":{"self":[{"href":"https:\/\/www.access-info.org\/es\/wp-json\/wp\/v2\/posts\/13922","targetHints":{"allow":["GET"]}}],"collection":[{"href":"https:\/\/www.access-info.org\/es\/wp-json\/wp\/v2\/posts"}],"about":[{"href":"https:\/\/www.access-info.org\/es\/wp-json\/wp\/v2\/types\/post"}],"author":[{"embeddable":true,"href":"https:\/\/www.access-info.org\/es\/wp-json\/wp\/v2\/users\/6"}],"replies":[{"embeddable":true,"href":"https:\/\/www.access-info.org\/es\/wp-json\/wp\/v2\/comments?post=13922"}],"version-history":[{"count":2,"href":"https:\/\/www.access-info.org\/es\/wp-json\/wp\/v2\/posts\/13922\/revisions"}],"predecessor-version":[{"id":32854,"href":"https:\/\/www.access-info.org\/es\/wp-json\/wp\/v2\/posts\/13922\/revisions\/32854"}],"wp:featuredmedia":[{"embeddable":true,"href":"https:\/\/www.access-info.org\/es\/wp-json\/wp\/v2\/media\/19973"}],"wp:attachment":[{"href":"https:\/\/www.access-info.org\/es\/wp-json\/wp\/v2\/media?parent=13922"}],"wp:term":[{"taxonomy":"category","embeddable":true,"href":"https:\/\/www.access-info.org\/es\/wp-json\/wp\/v2\/categories?post=13922"},{"taxonomy":"post_tag","embeddable":true,"href":"https:\/\/www.access-info.org\/es\/wp-json\/wp\/v2\/tags?post=13922"}],"curies":[{"name":"wp","href":"https:\/\/api.w.org\/{rel}","templated":true}]}}