{"id":13928,"date":"2013-07-04T13:12:02","date_gmt":"2013-07-04T11:12:02","guid":{"rendered":"https:\/\/www.access-info.org\/?p=13928"},"modified":"2020-02-14T16:07:41","modified_gmt":"2020-02-14T15:07:41","slug":"el-tribunal-europeo-de-derechos-humanos-reafirma-el-caracter-fundamental-del-derecho-de-acceso-la-informacion","status":"publish","type":"post","link":"https:\/\/www.access-info.org\/es\/2013-07-04\/el-tribunal-europeo-de-derechos-humanos-reafirma-el-caracter-fundamental-del-derecho-de-acceso-la-informacion\/","title":{"rendered":"El Tribunal Europeo de Derechos Humanos reafirma el car\u00e1cter fundamental del derecho de acceso la informaci\u00f3n"},"content":{"rendered":"<p><em>Madrid, 4 de julio de 2013<\/em>&#8211; Mientras en Espa\u00f1a los grandes partidos dan por cerrado el debate y niegan el car\u00e1cter fundamental del derecho de acceso a la informaci\u00f3n, el Tribunal Europeo de Derechos Humanos vuelve a sentenciar lo contrario afirmando que \u201c<em>el derecho de acceso a la informaci\u00f3n de documentos p\u00fablicos es un derecho humano fundamental que deber\u00eda aplicarse a nivel nacional a trav\u00e9s de principios generales, como por ejemplo el derecho de acceso a la informaci\u00f3n<\/em>\u201d.<\/p>\n<p>La Sentencia del TEDH del 25 de junio de 2013 <em>(\u201cYouth Initiative for Human Rights contra la Rep\u00fablica de Serbia<\/em>\u201d), resuelve en contra de la reiterada negativa de la agencia de inteligencia serbia de proporcionar informaci\u00f3n relacionada con la vigilancia electr\u00f3nica. De esta forma, el Tribunal se posiciona a favor de la ONG <em>Youth Initiative for Human Rights, <\/em>confirmando as\u00ed la decisi\u00f3n vinculante que previamente hab\u00eda tomado el Comisionado para la Informaci\u00f3n de Serbia sobre este mismo asunto.<\/p>\n<p>\u201c<em>Espa\u00f1a no puede seguir ignorando la jurisprudencia internacional en esta materia. Es el momento de cambiar y para ello es necesario establecer una legislaci\u00f3n s\u00f3lida en l\u00ednea con lo que establecen los tribunales internacionales de derechos humanos<\/em>\u201d, afirma Helen Darbishire, directora de Access Info Europe.<\/p>\n<p>El Tribunal no s\u00f3lo reconoce el derecho a la informaci\u00f3n de los poderes y administraciones p\u00fablicas como un derecho fundamental, sino que va m\u00e1s all\u00e1 y establece la presunci\u00f3n de que \u201c<em>toda la informaci\u00f3n en manos de las instituciones p\u00fablicas es p\u00fablicas y solo debe estar limitada por un sistema restringido de excepciones<\/em>\u201d.<\/p>\n<p>El TEDH no es el \u00fanico, tambi\u00e9n la Corte Interamericana de Derechos Humanos, el Comit\u00e9 de Derechos Humanos de la Naciones Unidas, el Relator por la Libertad de Prensa de las Naciones Unidas, la Organizaci\u00f3n por la Seguridad y la Cooperaci\u00f3n de Europa, la Organizaci\u00f3n de Estados Americanos y la Uni\u00f3n Europea son algunas de los organismo internacionales que tambi\u00e9n han reconocido el car\u00e1cter fundamental del derecho de acceso a la informaci\u00f3n.<\/p>\n<p>Access Info Europe hace un llamamiento a los partidos pol\u00edticos espa\u00f1oles que reabran el debate para que la ley de transparencia reconozca el derecho de acceso a la informaci\u00f3n como un derecho fundamental.<\/p>\n<p>Se puede leer la sentencia completa en el siguiente <a target=\"_blank\" rel=\"noopener noreferrer\">link<\/a>.[\/fusion_builder_column][\/fusion_builder_row][\/fusion_builder_container]<\/p>\n","protected":false},"excerpt":{"rendered":"<p>Madrid, 4 de julio de 2013&#8211; Mientras en Espa\u00f1a los grandes partidos dan por cerrado el debate y niegan el car\u00e1cter fundamental del derecho de acceso a la informaci\u00f3n, el Tribunal Europeo de Derechos Humanos vuelve a sentenciar lo contrario afirmando que \u201cel derecho de acceso a la informaci\u00f3n de documentos p\u00fablicos es un derecho humano fundamental que deber\u00eda aplicarse a nivel nacional a trav\u00e9s de principios generales, como por ejemplo el derecho de acceso a la informaci\u00f3n\u201d. La Sentencia del TEDH del 25 de junio de 2013 (\u201cYouth Initiative for Human Rights contra la Rep\u00fablica de Serbia\u201d), resuelve en<\/p>\n","protected":false},"author":6,"featured_media":19910,"comment_status":"closed","ping_status":"open","sticky":false,"template":"","format":"standard","meta":{"footnotes":""},"categories":[83],"tags":[],"class_list":["post-13928","post","type-post","status-publish","format-standard","has-post-thumbnail","hentry","category-esp-es"],"_links":{"self":[{"href":"https:\/\/www.access-info.org\/es\/wp-json\/wp\/v2\/posts\/13928","targetHints":{"allow":["GET"]}}],"collection":[{"href":"https:\/\/www.access-info.org\/es\/wp-json\/wp\/v2\/posts"}],"about":[{"href":"https:\/\/www.access-info.org\/es\/wp-json\/wp\/v2\/types\/post"}],"author":[{"embeddable":true,"href":"https:\/\/www.access-info.org\/es\/wp-json\/wp\/v2\/users\/6"}],"replies":[{"embeddable":true,"href":"https:\/\/www.access-info.org\/es\/wp-json\/wp\/v2\/comments?post=13928"}],"version-history":[{"count":5,"href":"https:\/\/www.access-info.org\/es\/wp-json\/wp\/v2\/posts\/13928\/revisions"}],"predecessor-version":[{"id":32855,"href":"https:\/\/www.access-info.org\/es\/wp-json\/wp\/v2\/posts\/13928\/revisions\/32855"}],"wp:featuredmedia":[{"embeddable":true,"href":"https:\/\/www.access-info.org\/es\/wp-json\/wp\/v2\/media\/19910"}],"wp:attachment":[{"href":"https:\/\/www.access-info.org\/es\/wp-json\/wp\/v2\/media?parent=13928"}],"wp:term":[{"taxonomy":"category","embeddable":true,"href":"https:\/\/www.access-info.org\/es\/wp-json\/wp\/v2\/categories?post=13928"},{"taxonomy":"post_tag","embeddable":true,"href":"https:\/\/www.access-info.org\/es\/wp-json\/wp\/v2\/tags?post=13928"}],"curies":[{"name":"wp","href":"https:\/\/api.w.org\/{rel}","templated":true}]}}