{"id":13941,"date":"2013-05-30T13:31:09","date_gmt":"2013-05-30T11:31:09","guid":{"rendered":"https:\/\/www.access-info.org\/?p=13941"},"modified":"2020-02-14T16:08:45","modified_gmt":"2020-02-14T15:08:45","slug":"el-gobierno-sortea-las-enmiendas-a-la-ley-de-transparencia-sin-dar-a-conocer-su-nuevo-redactado","status":"publish","type":"post","link":"https:\/\/www.access-info.org\/es\/2013-05-30\/el-gobierno-sortea-las-enmiendas-a-la-ley-de-transparencia-sin-dar-a-conocer-su-nuevo-redactado\/","title":{"rendered":"El Gobierno sortea las enmiendas a la Ley de Transparencia sin dar a conocer su nuevo redactado"},"content":{"rendered":"<p>\u2022 <em>Se <\/em><em>confirma la inclusi\u00f3n d<\/em><em>e la Casa Real, el <\/em><em>Ba<\/em><em>nco de Espa\u00f1a, los partidos pol\u00edticos, sindicatos y patronal en la ley, sin aclarar por el momento <\/em><em>los detalles<\/em><\/p>\n<p><em>\u2022 A pesar de las demandas de partidos en minor\u00eda y de la sociedad civil, el Gobierno es rotundo: el acceso a la informaci\u00f3n no ser\u00e1 un derecho fundamental<\/em><\/p>\n<p><em>\u2022<\/em><em> El Gobierno mantiene su intenci\u00f3n de excluir los documentos que se utilizan para la toma decisiones -borradores e informes-, tal y como se se\u00f1ala en el art\u00edculo 15<\/em><\/p>\n<p>&nbsp;<\/p>\n<p><em>Madrid \u2013 30 de mayo de 2013<\/em> \u2013 El Pleno del Congreso ha debatido hoy las enmiendas a la totalidad del proyecto de Ley de Transparencia, Acceso a la Informaci\u00f3n y Buen Gobierno. La Vicepresidenta Soraya S\u00e1enz de Santamar\u00eda ha anunciado mejoras al texto de la futura ley que estaban siendo debatidas pero, una vez m\u00e1s, no ha mostrado c\u00f3mo se desarrollar\u00e1n esos cambios en la ley.<\/p>\n<p>\u201c<em>No podremos valorar estas medidas hasta no conocer los detalles del redactado<\/em>\u201d comenta Victoria Anderica, coordinadora de campa\u00f1a de Access Info Europe <em>\u201c\u00bfC\u00f3mo ser\u00e1 ese \u00f3rgano de control? \u00bfQu\u00e9 mandato y funciones tendr\u00e1? \u00bfCu\u00e1l ser\u00e1 el nivel de presupuesto p\u00fablico necesario para que a una empresa se le apliquen los criterios de la ley? El gobierno deber\u00eda publicar el texto actual para que todos podamos conocer hacia donde avanza real<\/em><em>mente esta ley<\/em>\u201d, a\u00f1ade Anderica.<\/p>\n<p>El Gobierno ha dejado clara su intenci\u00f3n de no reconocer el derecho de acceso a la informaci\u00f3n como un derecho fundamental, bas\u00e1ndose en las posturas del Tribunal Constitucional y del Tribunal Supremo, que datan de antes de 2003. Esta decisi\u00f3n es opuesta a las directrices de los tribunales internacionales de derechos humanos, que han reconocido m\u00e1s recientemente el car\u00e1cter fundamental de este derecho lo que plantea serias dudas sobre la decisi\u00f3n del Ejecutivo.<\/p>\n<p>Uno de los puntos m\u00e1s importantes, y que no ha sido tratado en el Pleno, es el <a href=\"http:\/\/www.leydetransparencia.gob.es\/anteproyecto\/index.htm#Inadmision\">art\u00edculo 15<\/a> de la norma que excluye del alcance de la ley muchos tipos de informaci\u00f3n -como notas, informes internos o comunicaciones internas-. De no dar marcha atr\u00e1s en este aspecto, podr\u00eda suponer para Espa\u00f1a la imposibilidad de suscribir el Convenio del Consejo de Europa de Acceso a Documentos Oficiales, cuya definici\u00f3n de informaci\u00f3n es m\u00e1s amplia y resulta incompatible con estas exclusiones.<\/p>\n<p>\u201c<em>De nuevo, el proceso de tramitaci\u00f3n de esta norma est\u00e1 siendo totalmente opaco<\/em>\u201d, afirma David Cabo, director de Civio, \u201c<em>como cuando el Gobierno no accedi\u00f3 a dar a conocer las m\u00e1s de 3.600 aportaciones de la consulta p\u00fablica<\/em>\u201d. Cabo, adem\u00e1s, critica que Soraya S\u00e1enz de Santamar\u00eda haya afirmado durante el debate que ellos se aplican ya los criterios de transparencia, cuando su propio ministerio <a href=\"http:\/\/www.tuderechoasaber.es\/es\/request\/informe_jurdico_sobre_el_acceso#outgoing-1413\">no responde<\/a> a las preguntas sobre la propia ley de transparencia.<\/p>\n<p>El gobierno tambi\u00e9n ha comunicado que la Casa Real, el Banco de Espa\u00f1a, los partidos pol\u00edticos, las organizaciones sindicales, la patronal y todas las entidades que cuenten con una inversi\u00f3n de dinero p\u00fablico \u201crelevante\u201d -las cuant\u00edas m\u00ednimas est\u00e1n a\u00fan por definir- est\u00e9n incluidos en las mismas condiciones que los \u00f3rganos constitucionales afectados por la ley. Adem\u00e1s, ha anunciado la creaci\u00f3n de un Consejo para la transparencia y el Buen Gobierno, sin concretar ning\u00fan detalle m\u00e1s sobre su funcionamiento, mandato, composici\u00f3n, independencia y potestades.<\/p>\n<h3><strong>Para m\u00e1s informaci\u00f3n: <\/strong><\/h3>\n<ul>\n<li>Victoria Anderica \u2013 Coordinaci\u00f3n de campa\u00f1a Access Info Europe: <a href=\"mailto:victoria@access-info.org\">victoria@access-info.org<\/a><\/li>\n<\/ul>\n<ul>\n<li>Javier de Vega \u2013 Comunicaci\u00f3n, Fundaci\u00f3n Ciudadana Civio: <a href=\"mailto:javier@civio.es\">javier@civio.es<\/a><\/li>\n<\/ul>\n<ul>\n<li><strong>Access Info Europe<\/strong> (<a href=\"http:\/\/www.access-info.org\/\">http:\/\/www.access-info.org\/<\/a>) es una organizaci\u00f3n de derechos humanos sin \u00e1nimo de lucro. Su misi\u00f3n es promover y proteger el derecho de acceso a la informaci\u00f3n en Europa como herramienta para la defensa de nuestras libertades civiles y los derechos humanos, para facilitar la participaci\u00f3n p\u00fablica en la toma de decisiones, y para exigir que el gobierno rinda cuentas.<\/li>\n<\/ul>\n<ul>\n<li>La <strong>Fundaci\u00f3n Ciudadana Civio<\/strong> (<a href=\"http:\/\/www.civio.es\/\">http:\/\/www.civio.es\/<\/a>) es una organizaci\u00f3n sin \u00e1nimo de lucro creada en febrero de 2012 que busca fomentar un concepto de ciudadan\u00eda activa e involucrada, incidiendo en la transparencia informativa y la apertura de datos. Sus principales actividades son el desarrollo de aplicaciones tecnol\u00f3gicas que faciliten el acceso a la informaci\u00f3n p\u00fablica, como <a href=\"http:\/\/www.espanaenllamas.es\/\">Espa\u00f1a en llamas<\/a>, <a href=\"http:\/\/www.dondevanmisimpuestos.es\/\">\u00bfD\u00f3nde van mis impuestos?<\/a>, <a href=\"http:\/\/tuderechoasaber.es\/\">tuderechoasaber.es<\/a> o <a href=\"http:\/\/elindultometro.es\/index.html\">El Indult\u00f3metro<\/a>. Civio impulsa la creaci\u00f3n de contenidos period\u00edsticos independientes y de calidad basados en datos.<\/li>\n<\/ul>\n<ul>\n<li>La iniciativa \u2018<strong><a href=\"http:\/\/quehacenlosdiputados.net\/que-es-que-hacen\/\">Qu\u00e9 hacen los diputados<\/a>\u2019 <\/strong>empez\u00f3 a gestarse en\u00a0junio de 2011 gracias a un grupo de personas interesadas en mejorar la cultura democr\u00e1tica de la pol\u00edtica espa\u00f1ola (acercando los ciudadanos a la toma de decisiones), mejorar la transparencia e implicar a la ciudadan\u00eda en el seguimiento pol\u00edtico. En la actualidad desarrolla una <a href=\"http:\/\/goteo.org\/project\/que-hacen-los-diputados\">aplicaci\u00f3n web<\/a> opensource de seguimiento y visualizaci\u00f3n del trabajo de los diputados\/as del Congreso que est\u00e1 siendo financiada colectivamente mediante crowdfunding.<\/li>\n<\/ul>\n","protected":false},"excerpt":{"rendered":"<p>\u2022 Se confirma la inclusi\u00f3n de la Casa Real, el Banco de Espa\u00f1a, los partidos pol\u00edticos, sindicatos y patronal en la ley, sin aclarar por el momento los detalles \u2022 A pesar de las demandas de partidos en minor\u00eda y de la sociedad civil, el Gobierno es rotundo: el acceso a la informaci\u00f3n no ser\u00e1 un derecho fundamental \u2022 El Gobierno mantiene su intenci\u00f3n de excluir los documentos que se utilizan para la toma decisiones -borradores e informes-, tal y como se se\u00f1ala en el art\u00edculo 15 &nbsp; Madrid \u2013 30 de mayo de 2013 \u2013 El Pleno del Congreso<\/p>\n","protected":false},"author":6,"featured_media":19254,"comment_status":"closed","ping_status":"open","sticky":false,"template":"","format":"standard","meta":{"footnotes":""},"categories":[83],"tags":[],"class_list":["post-13941","post","type-post","status-publish","format-standard","has-post-thumbnail","hentry","category-esp-es"],"_links":{"self":[{"href":"https:\/\/www.access-info.org\/es\/wp-json\/wp\/v2\/posts\/13941","targetHints":{"allow":["GET"]}}],"collection":[{"href":"https:\/\/www.access-info.org\/es\/wp-json\/wp\/v2\/posts"}],"about":[{"href":"https:\/\/www.access-info.org\/es\/wp-json\/wp\/v2\/types\/post"}],"author":[{"embeddable":true,"href":"https:\/\/www.access-info.org\/es\/wp-json\/wp\/v2\/users\/6"}],"replies":[{"embeddable":true,"href":"https:\/\/www.access-info.org\/es\/wp-json\/wp\/v2\/comments?post=13941"}],"version-history":[{"count":4,"href":"https:\/\/www.access-info.org\/es\/wp-json\/wp\/v2\/posts\/13941\/revisions"}],"predecessor-version":[{"id":29917,"href":"https:\/\/www.access-info.org\/es\/wp-json\/wp\/v2\/posts\/13941\/revisions\/29917"}],"wp:featuredmedia":[{"embeddable":true,"href":"https:\/\/www.access-info.org\/es\/wp-json\/wp\/v2\/media\/19254"}],"wp:attachment":[{"href":"https:\/\/www.access-info.org\/es\/wp-json\/wp\/v2\/media?parent=13941"}],"wp:term":[{"taxonomy":"category","embeddable":true,"href":"https:\/\/www.access-info.org\/es\/wp-json\/wp\/v2\/categories?post=13941"},{"taxonomy":"post_tag","embeddable":true,"href":"https:\/\/www.access-info.org\/es\/wp-json\/wp\/v2\/tags?post=13941"}],"curies":[{"name":"wp","href":"https:\/\/api.w.org\/{rel}","templated":true}]}}