{"id":13996,"date":"2008-12-14T14:06:34","date_gmt":"2008-12-14T13:06:34","guid":{"rendered":"https:\/\/www.access-info.org\/?p=13996"},"modified":"2018-11-13T09:47:40","modified_gmt":"2018-11-13T08:47:40","slug":"access-info-en-los-medios-2008","status":"publish","type":"post","link":"https:\/\/www.access-info.org\/es\/2008-12-14\/access-info-en-los-medios-2008\/","title":{"rendered":"Access Info en los medios 2008"},"content":{"rendered":"<h3>Noticias de 2008<\/h3>\n<p><span style=\"color: #1a5e83;\"><strong>Report claims right of access to information is not fully recognised<br \/>\n<\/strong><a href=\"http:\/\/www.statewatch.org\/news\/2008\/nov\/03spain-access-to-info.htm\" target=\"_blank\">statewatch.org <\/a><strong>|<\/strong> 03\/11\/08<\/span><br \/>\n<em>English<\/em> &#8211; In October 2008, Access Info Europe published a report on access to information requests filed in Spain, in relation to Spanish law and the practices of public administrations, and to a set of principles drawn from international standards. It argues that the right of access to public information is \u00abprecariously\u00bb regulated in Spain, with \u00abdefects and gaps\u00bb that represent real obstacles for citizens to know \u00abwhat public administrations do with their money\u00bb or how decisions that affect them are made.<a href=\"https:\/\/www.access-info.org\/wp-content\/uploads\/statewatch.org-news-2008-nov-03spain-access-to-info.htm.pdf\" target=\"_blank\"> Read more&#8230;<\/a><\/p>\n<p><span style=\"color: #1a5e83;\"><strong>La Administraci\u00f3n y sus &#8216;altos secretos&#8217;<\/strong><br \/>\n<a href=\"http:\/\/www.elpais.com\/articulo\/sociedad\/Administracion\/altos\/secretos\/elpepusoc\/20081027elpepisoc_1\/Tes\" target=\"_blank\">El Pa\u00eds<\/a><strong> | <\/strong>27\/10\/08<\/span><br \/>\n<em>Spanish<\/em> &#8211; Los organismos oficiales ocultan a los ciudadanos informaci\u00f3n p\u00fablica &#8211; Una nueva ley regular\u00e1 en Espa\u00f1a el derecho a saber. <a href=\"https:\/\/www.access-info.org\/wp-content\/uploads\/elpais27.10.08_la_administracin_y_sus_altos_secretos.pdf\" target=\"_blank\">Read more&#8230;<\/a><\/p>\n<p><span style=\"color: #1a5e83;\"><strong>Lo p\u00fablico y el p\u00fablico<br \/>\n<\/strong><a href=\"http:\/\/www.elpais.com\/articulo\/opinion\/publico\/publico\/elpepiopi\/20081027elpepiopi_2\/Tes\" target=\"_blank\">El Pa\u00eds<\/a> <strong>|<\/strong> 27\/10\/08<\/span><br \/>\n<em>Spanish<\/em> &#8211; Por razones hist\u00f3ricas, pero tambi\u00e9n por inercias administrativas, aqu\u00ed hay poca conciencia de la obligaci\u00f3n que tienen las administraciones de facilitar al p\u00fablico el acceso a datos y documentos, incluyendo informes financiados con dinero p\u00fablico. Una ley a cuya elaboraci\u00f3n se ha comprometido Rodr\u00edguez Zapatero deber\u00e1 regular esa obligaci\u00f3n. <a href=\"https:\/\/www.access-info.org\/wp-content\/uploads\/elpais.com-articulo-opinion-publico-publico-elpepiopi-20081027elpepiopi_2-Tes.pdf\" target=\"_blank\">Read more&#8230;<\/a><\/p>\n<p><span style=\"color: #1a5e83;\"><strong>Una ley regular\u00e1 el acceso a la informaci\u00f3n p\u00fablica<br \/>\n<\/strong><a href=\"http:\/\/www.elpais.com\/articulo\/sociedad\/ley\/regulara\/acceso\/informacion\/publica\/elpepisoc\/20081008elpepisoc_7\/Tes\" target=\"_blank\">El Pa\u00eds<\/a><strong> |<\/strong> 08\/10\/08<\/span><br \/>\n<em>Spanish<\/em> &#8211; Espa\u00f1a dejar\u00e1 de ser una excepci\u00f3n europea en materia de libre acceso a la informaci\u00f3n p\u00fablica, al abandonar un club al que pertenecen Grecia, Luxemburgo, Chipre y Malta. En esta legislatura ver\u00e1 la luz una vieja reivindicaci\u00f3n de los medios: la regulaci\u00f3n del acceso a los registros y datos de las administraciones. El presidente del Gobierno, Jos\u00e9 Luis Rodr\u00edguez Zapatero, se comprometi\u00f3 ayer a promover una ley \u00abque garantice el mayor acceso posible a la informaci\u00f3n p\u00fablica\u00bb. <a href=\"documents\/Access_Docs\/About\/Access_in_the_news\/ElPas08.10.08_Una_ley_regular_el_acceso_a_la_informacin_pblica.pdf\" target=\"_blank\">Read more&#8230;<\/a><\/p>\n<p><span style=\"color: #1a5e83;\"><strong>Lo que la Administraci\u00f3n no sabe, no contesta<br \/>\n<\/strong><a href=\"http:\/\/www.elconfidencial.com\/cache\/2008\/10\/08\/loquela_administracion_nocontesta.html\" target=\"_blank\">El Confidencial <\/a><strong>| <\/strong>08\/10\/08<\/span><br \/>\n<em>Spanish<\/em> &#8211; Espa\u00f1a es, de momento, uno de los pocos pa\u00edses europeos que no cuenta a\u00fan con una ley espec\u00edfica que regule el derecho de acceso de los ciudadanos a la informaci\u00f3n p\u00fablica. Pero la situaci\u00f3n puede cambiar pronto si el Gobierno promueve en esta legislatura, tal y como anunci\u00f3 ayer Jos\u00e9 Luis Rodr\u00edguez Zapatero, una ley que garantice el derecho de acceso de los ciudadanos. <a href=\"documents\/Access_Docs\/About\/Access_in_the_news\/elconfidencial08.10.08_lo_que_la_Administracin_no_sabe_no_contesta.pdf\" target=\"_blank\">Read more&#8230;<\/a><\/p>\n<p><span style=\"color: #1a5e83;\"><strong>La SIP constata un auge del derecho a saber, no regulado en Espa\u00f1a<br \/>\n<\/strong><a href=\"http:\/\/www.abc.es\/20081006\/radio-television-radio-television\/constata-auge-derecho-saber-20081006.html\" target=\"_blank\">ABC.es<\/a> <strong>|<\/strong> 06\/10\/08<\/span><br \/>\n<em>Spanish<\/em> &#8211; En el mundo son ya 85 los pa\u00edses que han adoptado leyes que regulan el derecho de los ciudadanos de \u00abpedir\u00bb informaci\u00f3n en manos de los poderes p\u00fablicos y el deber del Estado de \u00abcontestar\u00bb a esas peticiones. <a href=\"https:\/\/www.access-info.org\/wp-content\/uploads\/abc.es-20081006-radio-television-radio-television-constata-auge-derecho-saber-20081006.html.pdf\" target=\"_blank\">Read more&#8230;<\/a><\/p>\n<p><span style=\"color: #1a5e83;\"><strong>\u00bfLa Administraci\u00f3n? No sabe, no contesta<\/strong><a href=\"http:\/\/www.abc.es\/20081001\/radio-television-radio-television\/administracion-sabe-contesta-20081001.html\" target=\"_blank\"><br \/>\nABC.es<\/a> <strong>|<\/strong> 01\/10\/08<\/span><br \/>\n<em>Spanish<\/em> &#8211; Toda la informaci\u00f3n en manos de la Administraci\u00f3n debe ser accesible para los ciudadanos. Este principio general, sin embargo, se topa en la pr\u00e1ctica diaria con obst\u00e1culos reales y, en muchas ocasiones, insalvables para conocer lo que las administraciones hacen con el dinero p\u00fablico y c\u00f3mo se han tomado decisiones que afectan al conjunto de la poblaci\u00f3n. <a href=\"https:\/\/www.access-info.org\/wp-content\/uploads\/www.abc.es-20081001-radio-television-radio-television-administracion-sabe-contesta-20081001.html.pdf\" target=\"_blank\">Read more&#8230;<\/a><\/p>\n<p><span style=\"color: #1a5e83;\"><strong>Lo que se oculta a los ciudadanos<\/strong><br \/>\n<a href=\"http:\/\/www.elpais.com\/articulo\/sociedad\/oculta\/ciudadanos\/elpepusoc\/20080503elpepisoc_1\/Tes\" target=\"_blank\">El Pa\u00eds<\/a> <strong>|<\/strong> 03\/05\/08<\/span><br \/>\n<em>Spanish<\/em> &#8211;\u00a0 En Espa\u00f1a, conocer las listas de espera en los hospitales es una tarea tit\u00e1nica y el sueldo del presentador del telediario de una televisi\u00f3n p\u00fablica est\u00e1 considerado alto secreto. <a href=\"https:\/\/www.access-info.org\/wp-content\/uploads\/elpais.com-articulo-sociedad-oculta-ciudadanos-elpepusoc-20080503elpepisoc_1-Tes.pdf\" target=\"_blank\">Read more&#8230;<\/a><\/p>\n<p><span style=\"color: #1a5e83;\"><strong>El fin del miedo a la informaci\u00f3n en la burocracia espa\u00f1ola<br \/>\n<\/strong>El Noticiero <strong>|<\/strong> April-June 2008<\/span><br \/>\n<em>Spanish<\/em> &#8211; Por primera vez en Espa\u00f1a, hasta cuatro fuerzas pol\u00edticas llevaban en sus programas electorales un asunto sobre el acceso a la informaci\u00f3n. <a href=\"documents\/Access_Docs\/About\/Access_in_the_news\/elnoticeroabriljunio08.pdf\" target=\"_blank\">Read more&#8230;<\/a><\/p>\n<p><span style=\"color: #1a5e83;\"><strong>La ley de la transparencia<br \/>\n<\/strong><a href=\"http:\/\/www.elpais.com\/articulo\/opinion\/ley\/transparencia\/elpepusocdgm\/20080504elpdmgpan_4\/Tes\" target=\"_blank\">El Pa\u00eds<strong> |<\/strong> 04\/05\/08<\/a><\/span><br \/>\n<em>Spanish<\/em> &#8211; Casi 30% de las quejas de los ciudadanos sobre el funcionamiento de las instituciones de la UE tienen que ver con dos cosas: la falta de transparencia con la que funciona la Comisi\u00f3n Europea y la extensi\u00f3n, cada d\u00eda mayor, de las llamadas \u00abpuertas giratorias\u00bb. <a href=\"https:\/\/www.access-info.org\/wp-content\/uploads\/www.elpais.com-articulo-opinion-ley-transparencia-elpepusocdgm-20080504elpdmgpan_4-Tes.pdf\" target=\"_blank\">Read more&#8230;<\/a><\/p>\n<p><span style=\"color: #1a5e83;\"><strong>Vichy et la guerre d&#8217;Alg\u00e9rie bient\u00f4t inaccessibles?<br \/>\n<\/strong><a href=\"http:\/\/www.rue89.com\/2008\/04\/17\/archives-vichy-et-la-guerre-dalgerie-bientot-inaccessibles\" target=\"_blank\">Rue 89 <\/a><strong>|<\/strong> 17\/04\/08<\/span><br \/>\n<em>French<\/em> &#8211; Le 29 avril, les d\u00e9put\u00e9s examineront le projet de loi sur les archives. Or ce texte, tel que les s\u00e9nateurs l&#8217;ont adopt\u00e9 en janvier, met en col\u00e8re les chercheurs. Depuis le d\u00e9but de la semaine, une p\u00e9tition circule, qui a d\u00e9j\u00e0 recueilli plus de 600 signatures en quatre jours. <a href=\"https:\/\/www.access-info.org\/wp-content\/uploads\/rue89.com-2008-04-17-archives-vichy-et-la-guerre-dalgerie-bientot-inaccessibles.pdf\" target=\"_blank\">Read more&#8230;<\/a><\/p>\n<p><span style=\"color: #1a5e83;\"><strong>\u0425\u0435\u043b\u044a\u043d \u0414\u0430\u0440\u0431\u0438\u0448\u044a\u0440<br \/>\n<\/strong>\u00a0<strong>|<\/strong> 27\/03\/08<\/span><\/p>\n<p><em>Bulgarian<\/em> &#8211; Interview with Helen Darbishire, Executive Director of Access Info Europe. <a href=\"https:\/\/www.access-info.org\/wp-content\/uploads\/Dnevnik27.03.08_Interview_Helen_Darbishire_bg.pdf\" target=\"_blank\">Read more&#8230;<\/a><br \/>\nalso in Bulgarian: Duma &#8211; 19\/03\/08 <a href=\"documents\/Access_Docs\/About\/Access_in_the_news\/Duma19.03.08_Interview_Helen_Darbishire_bg.jpg\" target=\"_self\">Read more&#8230;<\/a><\/p>\n<p><span style=\"color: #1a5e83;\"><strong>El (escaso) acceso de la informaci\u00f3n<br \/>\n<\/strong><a href=\"http:\/\/www.fape.es\/file\/10395\/periodistas12.pdf\" target=\"_blank\">Periodistas FAPE <\/a><strong>|<\/strong> 12\/03\/08 (Pagina\/Page 6)<\/span><br \/>\n<em>Spanish<\/em> &#8211; En el contexto europeo, una serie de iniciativas impensables por ahora en Espa\u00f1a han multiplicado las posibilidades de sacar noticias de donde antes no las hab\u00eda. <a href=\"https:\/\/www.access-info.org\/wp-content\/uploads\/periodistas12.pdf\" target=\"_blank\">Read more&#8230;<\/a> (Big file 2.1Mb)<\/p>\n<p><span style=\"color: #1a5e83;\"><strong>En Espa\u00f1a los funcionarios tienen miedo a dar informaci\u00f3n<br \/>\n<\/strong><a href=\"http:\/\/www.abc.es\/hemeroteca\/historico-20-02-2008\/abc\/TVyRadio\/en-espa%C3%B1a-los-funcionarios-tienen-miedo-a-dar-informacion_1641659823933.html\" target=\"_blank\">ABC.es <\/a><strong>|<\/strong> 20\/02\/08<\/span><br \/>\n<em>Spanish<\/em> &#8211; Le escandaliza que en Suecia, por ley, un funcionario tenga que dejar el asunto que lleve entre manos para atender una solicitud de informaci\u00f3n de cualquier ciudadano mientras que, en Espa\u00f1a, \u00ablos funcionarios tiene miedo de ser sancionados por ser transparentes\u00bb. <a href=\"https:\/\/www.access-info.org\/wp-content\/uploads\/ABC20.02.08_interview_Helen_Darbishire_es.pdf\" target=\"_blank\">Read more&#8230;<\/a><\/p>\n<p><span style=\"color: #1a5e83;\"><strong>Por un estado menos opaco<br \/>\n<\/strong>La Clave <strong>|<\/strong> 08\/02\/08<\/span><em><br \/>\nSpanish<\/em> &#8211; Espa\u00f1a carece de una ley de acceso a la informaci\u00f3n p\u00fablica que obligue a las administraciones a ser m\u00e1s transparentes. <a href=\"https:\/\/www.access-info.org\/wp-content\/uploads\/LaClave08.02.08_Por_un_estado_menos_Opaco__es.pdf\" target=\"_blank\">Read more&#8230;<\/a> (Big file 3.5<\/p>\n<p>Mb)<\/p>\n<p><span style=\"color: #1a5e83;\"><strong>Conseguir informaci\u00f3n p\u00fablica en Espa\u00f1a es una loter\u00eda<br \/>\n<\/strong>Consejeros <strong>|<\/strong> -\/02\/08<\/span><br \/>\n<em>Spanish<\/em> &#8211; En Espa\u00f1a no existe una ley especifica para que periodistas y ciudadanos puedan tener acceso a la informaci6n p\u00fablica. entrevista con Helen Darbishire de Access Info. <a href=\"https:\/\/www.access-info.org\/wp-content\/uploads\/Consejeros02.08_Interview_with_Helen_Darbishire_es.pdf\" target=\"_blank\">Read more&#8230;<\/a><\/p>\n<p><span style=\"color: #1a5e83;\"><strong>Tenemos derecho a saber c\u00f3mo se emplea el dinero de nuestros impuestos<br \/>\n<\/strong>Europa Press <strong>|<\/strong> 27\/01\/08<\/span><br \/>\n<em>Spanish<\/em> &#8211; Las administraciones p\u00fablicas se hallan en poder de informaci\u00f3n relativa a todos los sectores de nuestra sociedad en los que tienen capacidad de actuaci\u00f3n. Esa informaci\u00f3n sirve a nuestros gobernantes, autoridades y funcionarios para la toma de decisiones y la adopci\u00f3n de medidas en esos \u00e1mbitos, as\u00ed como para su ejecuci\u00f3n. <a href=\"https:\/\/www.access-info.org\/wp-content\/uploads\/EuropaPress27.01.08_Tenemos_derecho_a_saber_cmo_se_emplea_el_dinero_de_nuestros_impuestos_es.pdf\" target=\"_blank\">Read more&#8230;<\/a><\/p>\n<p><span style=\"color: #1a5e83;\"><strong>\u00abLo siento, no puedo darle esa informaci\u00f3n\u00bb<\/strong><br \/>\n<a href=\"http:\/\/www.soitu.es\/soitu\/2008\/01\/22\/actualidad\/1201023015_687092.html\" target=\"_blank\">Soitu.es<\/a><strong> |<\/strong> 22\/01\/08<\/span><br \/>\n<em>Spanish<\/em> &#8211; Espa\u00f1a es uno de los pocos estados de Europa que no tiene una ley espec\u00edfica reguladora del derecho del acceso a la informaci\u00f3n, por detr\u00e1s de pa\u00edses como Ruman\u00eda, Armenia o Bulgaria. Aunque el programa electoral del PSOE recog\u00eda el compromiso de elaborar esta ley, llegado el final de la legislatura, el Gobierno no ha cumplido con esta promesa. <a href=\"https:\/\/www.access-info.org\/wp-content\/uploads\/Soitu.es22.01.08_Lo_siento_no_puedo_darle_esa_informacin_es.pdf\" target=\"_blank\">Read more&#8230;<\/a><\/p>\n","protected":false},"excerpt":{"rendered":"<p>Noticias de 2008 Report claims right of access to information is not fully recognised statewatch.org | 03\/11\/08 English &#8211; In October 2008, Access Info Europe published a report on access to information requests filed in Spain, in relation to Spanish law and the practices of public administrations, and to a set of principles drawn from international standards. It argues that the right of access to public information is \u00abprecariously\u00bb regulated in Spain, with \u00abdefects and gaps\u00bb that represent real obstacles for citizens to know \u00abwhat public administrations do with their money\u00bb or how decisions that affect them are made. Read<\/p>\n","protected":false},"author":6,"featured_media":0,"comment_status":"closed","ping_status":"open","sticky":false,"template":"","format":"standard","meta":{"footnotes":""},"categories":[88],"tags":[],"class_list":["post-13996","post","type-post","status-publish","format-standard","hentry","category-aieinthenews-es"],"_links":{"self":[{"href":"https:\/\/www.access-info.org\/es\/wp-json\/wp\/v2\/posts\/13996","targetHints":{"allow":["GET"]}}],"collection":[{"href":"https:\/\/www.access-info.org\/es\/wp-json\/wp\/v2\/posts"}],"about":[{"href":"https:\/\/www.access-info.org\/es\/wp-json\/wp\/v2\/types\/post"}],"author":[{"embeddable":true,"href":"https:\/\/www.access-info.org\/es\/wp-json\/wp\/v2\/users\/6"}],"replies":[{"embeddable":true,"href":"https:\/\/www.access-info.org\/es\/wp-json\/wp\/v2\/comments?post=13996"}],"version-history":[{"count":1,"href":"https:\/\/www.access-info.org\/es\/wp-json\/wp\/v2\/posts\/13996\/revisions"}],"predecessor-version":[{"id":14009,"href":"https:\/\/www.access-info.org\/es\/wp-json\/wp\/v2\/posts\/13996\/revisions\/14009"}],"wp:attachment":[{"href":"https:\/\/www.access-info.org\/es\/wp-json\/wp\/v2\/media?parent=13996"}],"wp:term":[{"taxonomy":"category","embeddable":true,"href":"https:\/\/www.access-info.org\/es\/wp-json\/wp\/v2\/categories?post=13996"},{"taxonomy":"post_tag","embeddable":true,"href":"https:\/\/www.access-info.org\/es\/wp-json\/wp\/v2\/tags?post=13996"}],"curies":[{"name":"wp","href":"https:\/\/api.w.org\/{rel}","templated":true}]}}