{"id":14003,"date":"2014-12-09T14:09:04","date_gmt":"2014-12-09T13:09:04","guid":{"rendered":"https:\/\/www.access-info.org\/?p=14003"},"modified":"2020-02-14T16:18:19","modified_gmt":"2020-02-14T15:18:19","slug":"access-info-en-los-medios-2014","status":"publish","type":"post","link":"https:\/\/www.access-info.org\/es\/2014-12-09\/access-info-en-los-medios-2014\/","title":{"rendered":"Access Info en los medios 2014"},"content":{"rendered":"<h1>Noticias de 2014<\/h1>\n<h4>Une loi espagnole sur la transparence peu convaincante<\/h4>\n<p><a href=\"http:\/\/www.acteurspublics.com\/2014\/12\/16\/une-loi-espagnole-sur-la-transparence-peu-convaincante\" target=\"_blank\" rel=\"noopener noreferrer\">Acteurs Publics<\/a> <strong>|<\/strong> 16\/12\/2014<em><br \/>\nFrench<\/em> &#8211; Il aura fallu une d\u00e9cennie \u00e0 l\u2019Espagne pour adopter une loi sur la transparence de la vie publique et l\u2019acc\u00e8s \u00e0 l\u2019information des citoyens. Objet de d\u00e9bats houleux depuis 2004, cette loi est entr\u00e9e en vigueur mercredi 10 d\u00e9cembre. Mais le texte est quasi unanimement contest\u00e9 pour son \u201cinsuffisance\u201d et pour l\u2019\u201copacit\u00e9\u201d qu\u2019il maintient. <a class=\"jce_file\" title=\"Read more...\" href=\"https:\/\/www.access-info.org\/wp-content\/uploads\/14_12_16_acteurspublics_loitransp.pdf\" target=\"_blank\" rel=\"noopener noreferrer\">Read more&#8230;<\/a><\/p>\n<h4>El Portal de Transparencia nace sin informaci\u00f3n sobre su coste<\/h4>\n<p><a href=\"http:\/\/www.eldiario.es\/politica\/Portal-Transparencia-apenas-datos-mismo_0_333866946.html\" target=\"_blank\" rel=\"noopener noreferrer\">Eldiario.es<\/a> <strong>|<\/strong> 11\/12\/2014<em><br \/>\nSpanish<\/em> &#8211; Un Portal de Transparencia poco transparente. Es una de las conclusiones tras buscar la informaci\u00f3n sobre el coste econ\u00f3mico del desarrollo y lanzamiento de esa web que el Gobierno ha vendido a bombo y platillo. Tampoco es posible encontrar datos sobre qui\u00e9n est\u00e1 detr\u00e1s de la p\u00e1gina, porque no ofrece un contacto al que poder hacer preguntas. <a class=\"jce_file\" title=\"Read more...\" href=\"https:\/\/www.access-info.org\/wp-content\/uploads\/14_12_11_eldiario_leytranspvigor.pdf\" target=\"_blank\" rel=\"noopener noreferrer\">Read more&#8230;<\/a><\/p>\n<h4>El Gobierno impone trabas al acceso a la informaci\u00f3n en la entrada en vigor de la ley de transparencia<\/h4>\n<p><a href=\"http:\/\/www.tercerainformacion.es\/spip.php?article78428\" target=\"_blank\" rel=\"noopener noreferrer\">Tercera Informaci\u00f3n<\/a> <strong>|<\/strong> 11\/12\/2014<em><br \/>\nSpanish<\/em> &#8211; Ayer entraron en vigor las primeras obligaciones que establece la Ley de Transparencia, Acceso a la informaci\u00f3n y Buen Gobierno para la Administraci\u00f3n General del Estado. En las \u00faltimas horas, Access Info Europe y la Fundaci\u00f3n Civio, que trabajan para lograr la implantaci\u00f3n eficaz de las mejores medidas de transparencia, han conocido que el Gobierno comienza a aplicarla de la peor manera posible: poniendo barreras al derecho de acceso a la informaci\u00f3n. <a class=\"jce_file\" title=\"Read more...\" href=\"https:\/\/www.access-info.org\/wp-content\/uploads\/14_12_11_tercerainformacion_leytranspvigor.pdf\" target=\"_blank\" rel=\"noopener noreferrer\">Read more&#8230;<\/a><\/p>\n<h4>Entra en vigencia ley anticorrupci\u00f3n criticada en Espa\u00f1a<\/h4>\n<p><a href=\"http:\/\/www.eluniversal.com\/internacional\/141211\/entra-en-vigencia-ley-anticorrupcion-criticada-en-espana\" target=\"_blank\" rel=\"noopener noreferrer\">El Universal<\/a> <strong>|<\/strong> 11\/12\/2014<em><br \/>\nSpanish<\/em> &#8211; Espa\u00f1a, donde la corrupci\u00f3n indigna a los ciudadanos, se convirti\u00f3 este mi\u00e9rcoles en el \u00faltimo gran pa\u00eds europeo en dotarse de una ley de transparencia de la vida p\u00fablica, considerada insuficiente por las ONG. <a class=\"jce_file\" title=\"Read more...\" href=\"https:\/\/www.access-info.org\/wp-content\/uploads\/14_12_11_eluniversal_leytranspvigor.pdf\" target=\"_blank\" rel=\"noopener noreferrer\">Read more&#8230;<\/a><\/p>\n<h4>\u00a1Por fin! Espa\u00f1a pone en vigor su primera Ley de Transparencia y Acceso a la Informaci\u00f3n<\/h4>\n<p><a href=\"http:\/\/es.blastingnews.com\/opinion\/2014\/12\/por-fin-espana-pone-en-vigor-su-primera-ley-de-transparencia-y-acceso-a-la-informacion-00199759.html\" target=\"_blank\" rel=\"noopener noreferrer\">Blasting News<\/a> <strong>|<\/strong> 11\/12\/2014<em><br \/>\nSpanish<\/em> &#8211; No hay plazo que no se cumpla ni deuda que no se pague. Con una democracia de treinta y seis a\u00f1os, una Carta Magna de la misma edad, llega una normativa que se esperaba hace, quiz\u00e1s, el mismo n\u00famero de a\u00f1os. En 2012 se presenta el primer boceto de ley, se aprueba en 2013 y entra en vigor en 2014, pero no se activa toda su extensi\u00f3n, ni para todos. <a class=\"jce_file\" title=\"Read more...\" href=\"https:\/\/www.access-info.org\/wp-content\/uploads\/14_12_12_blastingnews_leytranspvigor.pdf\" target=\"_blank\" rel=\"noopener noreferrer\">Read more&#8230;<\/a><\/p>\n<h4>Santamar\u00eda defiende el DNI electr\u00f3nico o la clave para pedir datos en el portal de transparencia<\/h4>\n<p><a href=\"http:\/\/www.europapress.es\/nacional\/noticia-santamaria-defiende-dni-electronico-clave-pedir-datos-portal-transparencia-20141211113927.html\" target=\"_blank\" rel=\"noopener noreferrer\">Europa Press<\/a> <strong>|<\/strong> 11\/12\/2014<em><br \/>\nSpanish<\/em> &#8211; La vicepresidenta del Gobierno, Soraya S\u00e1enz de Santamar\u00eda, ha defendido este mi\u00e9rcoles el DNI electr\u00f3nico o la clave personal con un pin para que los ciudadanos puedan solicitar informaci\u00f3n a trav\u00e9s del portal de transparencia ya que, seg\u00fan ha explicado, al enviar la petici\u00f3n se inicia un procedimiento administrativo que debe tener todas las garant\u00edas. <a class=\"jce_file\" title=\"Read more...\" href=\"https:\/\/www.access-info.org\/wp-content\/uploads\/14_12_11_europapress_leytranspvigor.pdf\" target=\"_blank\" rel=\"noopener noreferrer\">Read more&#8230;<\/a><\/p>\n<h4>La ley de transparencia ya est\u00e1 en vigor, de todos depende que mejore<\/h4>\n<p><a href=\"http:\/\/www.elmundo.es\/espana\/2014\/12\/11\/548953fd22601d9e0d8b4575.html\" target=\"_blank\" rel=\"noopener noreferrer\">El Mundo<\/a> <strong>|<\/strong> 11\/12\/2014<em><br \/>\nSpanish<\/em> &#8211; Ayer entraba parcialmente en vigor la ley de transparencia y, visto el colapso del flamante portal de la transparencia, se puede decir que la forma en que el Gobierno ha decidido sumarse al club de los 100 pa\u00edses que ya cuentan con leyes de transparencia ha generado una gran expectaci\u00f3n. <a class=\"jce_file_custom\" title=\"14_12_11_elmundo_leytranspvigor.pdf\" href=\"https:\/\/www.access-info.org\/wp-content\/uploads\/14_12_11_elmundo_leytranspvigor.pdf\" target=\"_blank\" rel=\"noopener noreferrer\"><span class=\"jce_file_custom\"><span class=\"jce_file_custom\"><span class=\"jce_file_custom\"><span class=\"jce_file_custom\"><span class=\"jce_file_custom\"><span class=\"jce_file_custom\"><span class=\"jce_file\">Read more&#8230;<\/span><\/span><\/span><\/span><\/span><\/span><\/span><\/a><\/p>\n<h4>Alberto Garz\u00f3n: \u00abEl puesto 64 no es la liga de campeones de la transparencia\u00bb<\/h4>\n<p><a href=\"http:\/\/www.telecinco.es\/elprogramadeanarosa\/secciones\/marta-nebot\/alberto-garzon-el-puesto-64-transparencia-liga-campeones-transparencia_2_1906305045.html\" target=\"_blank\" rel=\"noopener noreferrer\">Telecinco.es<\/a> <strong>|<\/strong> 11\/12\/2014<em><br \/>\nSpanish<\/em> &#8211; Tras la puesta en marcha del nuevo &#8216;Portal de la Transparencia&#8217; y la aparici\u00f3n del informe de Acces Info Europe que sit\u00faa a Espa\u00f1a en el puesto n\u00famero 64 de la tranparencia, Marta Nebot ha hablado con nuestros diputados. \u00abEl 64 no es la liga de campeones de la transparencia, es un cachondeo\u00bb, ha dicho Alberto Garz\u00f3n. <a class=\"jce_file_custom\" title=\"14_12_11_telecinco_leytranspvigor.pdf\" href=\"https:\/\/www.access-info.org\/wp-content\/uploads\/14_12_11_telecinco_leytranspvigor.pdf\" target=\"_blank\" rel=\"noopener noreferrer\"><span class=\"jce_file_custom\"><span class=\"jce_file_custom\"><span class=\"jce_file_custom\"><span class=\"jce_file_custom\"><span class=\"jce_file_custom\"><span class=\"jce_file\">Read more&#8230;<\/span><\/span><\/span><\/span><\/span><\/span><\/a><\/p>\n<h4>Denuncian trabas del Gobierno en el acceso a la informaci\u00f3n en el portal de transparencia<\/h4>\n<p><a href=\"http:\/\/www.cuatro.com\/noticias\/espana\/Estreno-transparencia-contratos-subvenciones-sueldos_0_1905750040.html\" target=\"_blank\" rel=\"noopener noreferrer\">Cuatro<\/a> <strong>|<\/strong> 10\/12\/2014<em><br \/>\nSpanish<\/em> &#8211; El portal de la transparencia se ha puesto en marcha con m\u00e1s de 530.000 registros de informaci\u00f3n sobre estructura de la Administraci\u00f3n General del Estado, sueldos de altos cargos, cat\u00e1logo de bienes inmuebles, contratos, subvenciones o convenios relativos al a\u00f1o 2014. El portal tambi\u00e9n se brinda al ciudadano la posibilidad de solicitar datos adicionales cursando una petici\u00f3n que deber\u00e1 obtener respuesta en el plazo m\u00e1ximo de un mes. <a class=\"jce_file\" title=\"Read more...\" href=\"https:\/\/www.access-info.org\/wp-content\/uploads\/14_12_10_cuatro_trabastransp.pdf\" target=\"_blank\" rel=\"noopener noreferrer\">Read more&#8230;<\/a><\/p>\n<h4>\u00bfEs Espa\u00f1a m\u00e1s transparente a partir de hoy? \u00bfQu\u00e9 podemos preguntar? La Ley, en 14 claves<\/h4>\n<p><a href=\"http:\/\/www.20minutos.es\/noticia\/2319820\/0\/ley-de-transparencia\/acceso-a-la-informacion\/14-claves\/\" target=\"_blank\" rel=\"noopener noreferrer\">20 Minutos<\/a> <strong>|<\/strong> 10\/12\/2014<em><br \/>\nSpanish<\/em> &#8211; Hasta hace solo unos meses, Espa\u00f1a era el \u00fanico pa\u00eds europeo con m\u00e1s de un mill\u00f3n de habitantes que no contaba con una ley de acceso a la informaci\u00f3n p\u00fablica o ley de transparencia. En noviembre de 2013, la norma vio finalmente la luz en el Congreso, aunque su entrada en vigor escalonada ha hecho que solo desde este mi\u00e9rcoles, 10 de diciembre, los ciudadanos puedan hacer peticiones a trav\u00e9s de Internet o consultar aquello que la Administraci\u00f3n ponga a su disposici\u00f3n. <a class=\"jce_file\" title=\"Read more...\" href=\"https:\/\/www.access-info.org\/wp-content\/uploads\/14_12_10_20minutos_espmastransparente.pdf\" target=\"_blank\" rel=\"noopener noreferrer\">Read more&#8230;<\/a><\/p>\n<h4>Espa\u00f1a se dota de una ley anticorrupci\u00f3n<\/h4>\n<p><a href=\"http:\/\/www.eluniversal.com\/internacional\/141210\/espana-se-dota-de-una-ley-anticorrupcion\" target=\"_blank\" rel=\"noopener noreferrer\">El Universal<\/a> <strong>|<\/strong> 10\/12\/2014<em><br \/>\nSpanish<\/em> &#8211; Espa\u00f1a, donde la corrupci\u00f3n indigna a los ciudadanos, se convirti\u00f3 el mi\u00e9rcoles en el \u00faltimo gran pa\u00eds europeo en dotarse de una ley de transparencia de la vida p\u00fablica, considerada insuficiente por las ONG. <a class=\"jce_file\" title=\"Read more...\" href=\"https:\/\/www.access-info.org\/wp-content\/uploads\/14_12_10_eluniversal_leytranspvigor.pdf\" target=\"_blank\" rel=\"noopener noreferrer\">Read more&#8230;<\/a><\/p>\n<h4>El Portal de la Transparencia comienza a funcionar con m\u00e1s de 500.000 datos sobre la Administraci\u00f3n<\/h4>\n<p><a href=\"http:\/\/www.rtve.es\/noticias\/20141210\/comienza-funcionar-portal-transparencia-mas-500000-datos\/1064600.shtml\" target=\"_blank\" rel=\"noopener noreferrer\">RTVE.es<\/a> <strong>|<\/strong> 10\/12\/2014<em><br \/>\nSpanish<\/em> &#8211; El Portal de la Transparencia (transparencia.gob.es) ha comenzado a funcionar este mi\u00e9rcoles con m\u00e1s de 530.000 registros accesibles de informaci\u00f3n sobre la Administraci\u00f3n General del Estado, de los que 30.000 est\u00e1n colgados directamente y el resto son enlaces a p\u00e1ginas de otros organismos. <a class=\"jce_file\" title=\"Read more...\" href=\"https:\/\/www.access-info.org\/wp-content\/uploads\/14_12_10_rtve_portaltransp.pdf\" target=\"_blank\" rel=\"noopener noreferrer\">Read more&#8230;<\/a><\/p>\n<h4>La letra peque\u00f1a de la Ley de Transparencia<\/h4>\n<p><a href=\"https:\/\/www.diagonalperiodico.net\/panorama\/24934-la-letra-pequena-la-ley-transparencia.html\" target=\"_blank\" rel=\"noopener noreferrer\">Peri\u00f3dico Diagonal<\/a> <strong>|<\/strong> 10\/12\/2014<em><br \/>\nSpanish<\/em> &#8211; Para comenzar, un poco de pol\u00edtica-ficci\u00f3n. Imaginen que el correo en el que Ana Mato encargaba 4.680 euros en confeti a El Jard\u00edn de las Maravillas de Alicia se hubiese hecho p\u00fablico unos meses despu\u00e9s de que lo enviase la entonces diputada popular y hoy exministra. Imaginen que el esc\u00e1ndalo le hubiese hecho dimitir. <a class=\"jce_file\" title=\"Read more...\" href=\"https:\/\/www.access-info.org\/wp-content\/uploads\/14_12_10_diagonal_leytranspvigor.pdf\" target=\"_blank\" rel=\"noopener noreferrer\">Read more&#8230;<\/a><\/p>\n<h4>Spanish government launches first transparency website<\/h4>\n<p><a href=\"http:\/\/elpais.com\/elpais\/2014\/12\/10\/inenglish\/1418205749_872964.html\" target=\"_blank\" rel=\"noopener noreferrer\">El Pa\u00eds in English<\/a> <strong>|<\/strong> 10\/12\/2014<em><br \/>\nEnglish<\/em> &#8211; The Spanish government will on Wednesday launch a new transparency website that will make over 500,000 details of public interest freely accessible to all citizens. The project, which cost around \u20ac300,000 to complete, represents the first great transparency effort by the ruling Popular Party (PP) and is part of a new Transparency Law that goes into effect today. <a class=\"jce_file\" title=\"Read more...\" href=\"https:\/\/www.access-info.org\/wp-content\/uploads\/14_12_10_elpaising_transplaw.pdf\" target=\"_blank\" rel=\"noopener noreferrer\">Read more&#8230;<\/a><\/p>\n<h4>Las claves de la nueva Ley de Transparencia<\/h4>\n<p><a href=\"http:\/\/www.lne.es\/espana\/2014\/12\/10\/entra-vigor-ley-transparencia-claves\/1684034.html\" target=\"_blank\" rel=\"noopener noreferrer\">La Nueva Espa\u00f1a<\/a> <strong>|<\/strong> 10\/12\/2014<em><br \/>\nSpanish<\/em> &#8211; Hoy mi\u00e9rcoles entra en vigor la Ley de Transparencia, Acceso a la Informaci\u00f3n P\u00fablica y Buen Gobierno, una de las normativas m\u00e1s esperadas por la sociedad. En virtud de esta ley, los ciudadanos podr\u00e1n consultar y solicitar informaci\u00f3n sobre los distintos organismos del Estado, incluida la Casa Real. <a class=\"jce_file\" title=\"Read more...\" href=\"https:\/\/www.access-info.org\/wp-content\/uploads\/14_12_10_lanuevaesp_leytranspvigor.pdf\" target=\"_blank\" rel=\"noopener noreferrer\">Read more&#8230;<\/a><\/p>\n<h4>Entidades protransparencia denuncian trabas del Gobierno en el acceso a la informaci\u00f3n<\/h4>\n<p><a href=\"http:\/\/www.20minutos.es\/noticia\/2320726\/0\/protransparencia\/trabas-gobierno\/acceso-informacion\/\" target=\"_blank\" rel=\"noopener noreferrer\">20 Minutos<\/a> <strong>|<\/strong> 10\/12\/2014<em><br \/>\nSpanish<\/em> &#8211; Las organizaciones pro-transparencia Acces Info Europe y la Fundaci\u00f3n Civio se han quejado este mi\u00e9rcoles, d\u00eda que entra en funcionamiento el portal de la transparencia, de que el Gobierno de Mariano Rajoy ponga trabas en el acceso a la informaci\u00f3n al exigir identificarse mediante un DNI electr\u00f3nico o una clave personal a aquellos ciudadanos que formulen preguntas. <a class=\"jce_file\" title=\"Read more...\" href=\"https:\/\/www.access-info.org\/wp-content\/uploads\/14_12_10_20minutos_leytranspvigor.pdf\" target=\"_blank\" rel=\"noopener noreferrer\">Read more&#8230;<\/a><\/p>\n<h4>Espa\u00f1a estrena ley anticorrupci\u00f3n<\/h4>\n<p><a href=\"http:\/\/eleconomista.com.mx\/internacional\/2014\/12\/10\/espana-estrena-ley-anticorrupcion\" target=\"_blank\" rel=\"noopener noreferrer\">El Economista<\/a> <strong>|<\/strong> 10\/12\/2014<em><br \/>\nSpanish<\/em> &#8211; Espa\u00f1a, se convirti\u00f3 en el \u00faltimo pa\u00eds europeo en dotarse de una ley de transparencia de la vida p\u00fablica,esta ley fue considerada insuficiente por diversas ONG. El gobierno espa\u00f1ol cre\u00f3 un \u00abportal de transparencia\u00bb (transparencia.gob.es) para consultar en internet las ofertas p\u00fablicas, la remuneraci\u00f3n de los ministros y altos funcionarios, o las subvenciones a los partidos pol\u00edticos. A partir de ahora los ciudadanos podr\u00e1n pedir acceder a m\u00e1s informaciones. <a class=\"jce_file\" title=\"Read more...\" href=\"https:\/\/www.access-info.org\/wp-content\/uploads\/14_12_10_eleconomista_leytranspvigor.pdf\" target=\"_blank\" rel=\"noopener noreferrer\">Read more&#8230;<\/a><\/p>\n<h4>Rajoy lanza un Portal de Transparencia en medio de los esc\u00e1ndalos de corrupci\u00f3n<\/h4>\n<p><a href=\"http:\/\/mundo.sputniknews.com\/espana\/20141210\/1031997890.html\" target=\"_blank\" rel=\"noopener noreferrer\">Sputnik Mundo<\/a> <strong>|<\/strong> 10\/12\/2014<em><br \/>\nSpanish<\/em> &#8211; El Ejecutivo de Mariano Rajoy puso hoy en marcha el Portal de Transparencia con el que pretende poner l\u00edmites a la corrupci\u00f3n pol\u00edtica. La salida de esta p\u00e1gina web coincide con los esc\u00e1ndalos de corrupci\u00f3n que afectan a su formaci\u00f3n, el Partido Popular. <a class=\"jce_file\" title=\"Read more...\" href=\"https:\/\/www.access-info.org\/wp-content\/uploads\/14_12_10_sputnikmundo_leytranspvigor.pdf\" target=\"_blank\" rel=\"noopener noreferrer\">Read more&#8230;<\/a><\/p>\n<h4>Transparencia. Access info europe y la fundaci\u00f3n civio critican las \u201ctrabas al acceso a la informaci\u00f3n\u201d<\/h4>\n<p><a href=\"http:\/\/noticias.lainformacion.com\/economia-negocios-y-finanzas\/redes\/transparencia-access-info-europe-y-la-fundacion-civio-critican-las-trabas-al-acceso-a-la-informacion_ylNzkqaQhL0qhH2t8Rj5i3\/\" target=\"_blank\" rel=\"noopener noreferrer\">Lainformaci\u00f3n.com<\/a> <strong>|<\/strong> 10\/12\/2014<em><br \/>\nSpanish<\/em> &#8211; Access Info Europe y la Fundaci\u00f3n Civio, organizaciones que trabajan a favor de la transparencia institucional, criticaron este mi\u00e9rcoles que el Gobierno haya impuesto \u201ctrabas al acceso a la informaci\u00f3n\u201d que se ofrece desde hoy a los ciudadanos en el Portal de la Transparencia, que comienza con unos 500.000 datos. <a class=\"jce_file\" title=\"Read more...\" href=\"https:\/\/www.access-info.org\/wp-content\/uploads\/14_12_10_lainformacion_leytranspvigor.pdf\" target=\"_blank\" rel=\"noopener noreferrer\">Read more&#8230;<\/a><\/p>\n<h4>Cinco aspectos que el Gobierno deber\u00eda mejorar en el Portal de Transparencia<\/h4>\n<p><a href=\"http:\/\/www.huffingtonpost.es\/2014\/12\/10\/portal-transparencia-fallos_n_6301982.html\" target=\"_blank\" rel=\"noopener noreferrer\">El Huffington Post<\/a> <strong>|<\/strong> 10\/12\/2014<em><br \/>\nSpanish<\/em> &#8211; Poco accesible, superficial y sin apenas informaci\u00f3n novedosa. El portal de transparencia lanzado este mi\u00e9rcoles por el Gobierno nace con las mismas cr\u00edticas que lo hizo la ley de transparencia: llega sin consenso y no satisface las exigencias de las organizaciones por la transparencia, que lamentan los obst\u00e1culos que pone esta web para el libre acceso a la informaci\u00f3n de los ciudadanos. <a class=\"jce_file\" title=\"Read more...\" href=\"https:\/\/www.access-info.org\/wp-content\/uploads\/14_12_10_huffingtonpost_leytranspvigor.pdf\" target=\"_blank\" rel=\"noopener noreferrer\">Read more&#8230;<\/a><\/p>\n<h4>Ex altos cargos, &#8216;puertas giratorias&#8217; y subvenciones a partidos<\/h4>\n<p><a href=\"http:\/\/www.diariodesevilla.es\/article\/espana\/1918305\/ex\/altos\/cargos\/puertas\/giratorias\/y\/subvenciones\/partidos.html\" target=\"_blank\" rel=\"noopener noreferrer\">Diario de Sevilla<\/a> <strong>|<\/strong> 10\/12\/2014<em><br \/>\nSpanish<\/em> &#8211; En el Portal de la Transparencia hay m\u00e1s de medio mill\u00f3n de registros. El PSOE critica que no se haya publicado la declaraci\u00f3n de bienes de 257 altos cargos y la fundaci\u00f3n Civio y Access Info Europe que haya que identificarse con el DNI electr\u00f3nico y una clave. <a class=\"jce_file\" title=\"Read more...\" href=\"https:\/\/www.access-info.org\/wp-content\/uploads\/14_12_10_diariosevilla_leytranspvigor.pdf\" target=\"_blank\" rel=\"noopener noreferrer\">Read more&#8230;<\/a><\/p>\n<h4>La nueva ley deja a Espa\u00f1a en el puesto 64\u00ba del \u2018ranking\u2019<\/h4>\n<p><a href=\"http:\/\/politica.elpais.com\/politica\/2014\/12\/09\/actualidad\/1418158222_717997.html\" target=\"_blank\" rel=\"noopener noreferrer\">El Pa\u00eds<\/a> <strong>|<\/strong> 09\/12\/2014<em><br \/>\nSpanish<\/em> &#8211; La Ley de Transparencia que hoy entra en vigor en Espa\u00f1a se suma a las otras 99 que existen en el mundo, una por pa\u00eds. La organizaci\u00f3n Access Info Europe junto a la canadiense Centro de la Ley y la Democracia elaboran un ranking con las mejores leyes de transparencia. La espa\u00f1ola queda en el puesto 64\u00ba. \u201cValoramos las normas sobre el papel, pero no su aplicaci\u00f3n\u201d, dice Victoria Anderica, de Access Info Europe. \u201cPor desgracia es muy dif\u00edcil evaluar c\u00f3mo es su pr\u00e1ctica y muchas veces no resulta satisfactoria\u201d, puntualiza. <a class=\"jce_file\" title=\"Read more...\" href=\"https:\/\/www.access-info.org\/wp-content\/uploads\/14_12_10_elpais_leytranspvigor.pdf\" target=\"_blank\" rel=\"noopener noreferrer\">Read more&#8230;<\/a><\/p>\n<h4>Siete cosas que no encontrar\u00e1s en el Portal de Transparencia<\/h4>\n<p><a href=\"http:\/\/www.eldiario.es\/politica\/cosas-encontraras-Portal-Transparencia-faltan_0_333167677.html\" target=\"_blank\" rel=\"noopener noreferrer\">Eldiario.es<\/a> <strong>|<\/strong> 09\/12\/2014<em><br \/>\nSpanish<\/em> &#8211; El Gobierno dar\u00e1 a conocer este mi\u00e9rcoles unos 530.000 datos de informaci\u00f3n a trav\u00e9s del Portal de Transparencia. Esos registros, que constituyen unos 50 gigas de documentaci\u00f3n, son los que la ley obliga a hacer p\u00fablicos. El Ministerio de Transparencia ha gastado 300.000 euros en esta web, que aportar\u00e1 nueva informaci\u00f3n y que centralizar\u00e1 otra mucha que ya se conoc\u00eda y que estaba dispersa. Pero hay al menos siete detalles que no encontrar\u00e1s: <a class=\"jce_file\" title=\"Read more...\" href=\"https:\/\/www.access-info.org\/wp-content\/uploads\/14_12_10_eldiario_leytranspvigor.pdf\" target=\"_blank\" rel=\"noopener noreferrer\">Read more&#8230;<\/a><\/p>\n<h4>Amplio debate sobre la libertad de informaci\u00f3n<\/h4>\n<p><a href=\"http:\/\/www.tercerainformacion.es\/spip.php?article78127\" target=\"_blank\" rel=\"noopener noreferrer\">Tercera Informaci\u00f3n<\/a> <strong>|<\/strong> 05\/12\/2014<em><br \/>\nSpanish<\/em> &#8211; La decana del Colegio de Abogados de Madrid, Sonia Gumpert, ha manifestado que \u00abla libertad de expresi\u00f3n no es s\u00f3lo un derecho individual de cada ciudadano, consagrado en el art\u00edculo 20 de la Constituci\u00f3n, sino que se conforma como un deber de los poderes p\u00fablicos para el conjunto de la ciudadan\u00eda\u00bb. <a class=\"jce_file_custom\" title=\"14_12_05_tercerainformacion_ipimission.pdf\" href=\"https:\/\/www.access-info.org\/wp-content\/uploads\/14_12_05_tercerainformacion_ipimission.pdf\" target=\"_blank\" rel=\"noopener noreferrer\"><span class=\"jce_file_custom\"><span class=\"jce_file_custom\"><span class=\"jce_file_custom\"><span class=\"jce_file_custom\"><span class=\"jce_file\">Read more&#8230;<\/span><\/span><\/span><\/span><\/span><\/a><\/p>\n<h4>Misi\u00f3n internacional eval\u00faa la libertad de prensa en Espa\u00f1a<\/h4>\n<p><a href=\"http:\/\/periodistas-es.com\/mision-internacional-evalua-la-libertad-de-prensa-en-espana-44758\" target=\"_blank\" rel=\"noopener noreferrer\">Periodistas en Espa\u00f1ol.com<\/a> <strong>|<\/strong> 02\/12\/2014<em><br \/>\nSpanish<\/em> &#8211; Una misi\u00f3n internacional formada por la Federaci\u00f3n Europea de Periodistas (FEP), el Instituto Internacional de Prensa (IPI), Access Info Europe, Open Society Foundation (OSF), Reporteros sin Fronteras (RSF) y la Asociaci\u00f3n Mundial de Editores de Peri\u00f3dicos (WAN-IFRA) evaluar\u00e1 entre el 1 y el 3 de diciembre de 2014 la situaci\u00f3n de la libertad de prensa en Espa\u00f1a en el marco de la crisis de austeridad. <a class=\"jce_file_custom\" title=\"14_12_09_periodistasesp_ipimission.pdf\" href=\"https:\/\/www.access-info.org\/wp-content\/uploads\/14_12_09_periodistasesp_ipimission.pdf\" target=\"_blank\" rel=\"noopener noreferrer\"><span class=\"jce_file_custom\"><span class=\"jce_file_custom\"><span class=\"jce_file_custom\"><span class=\"jce_file\">Read more&#8230;<\/span><\/span><\/span><\/span><\/a><\/p>\n<h4>La sociedad civil mide la salud de la libertad de informaci\u00f3n en Espa\u00f1a<\/h4>\n<p><a href=\"http:\/\/blogs.20minutos.es\/fuentesycharcos\/2014\/12\/02\/pdli-organiza-un-encuentro-sobre-activismo-prensa-y-libertad-de-informacion\/\" target=\"_blank\" rel=\"noopener noreferrer\">20 Minutos<\/a> <strong>|<\/strong> 02\/12\/2014<em><br \/>\nSpanish<\/em> &#8211; Hoy se celebra el I Encuentro Sobre Activismo, Prensa Y Libertad De Informaci\u00f3n, primer acto de la Plataforma en Defensa de la libertad de Informaci\u00f3n (PDLI) que han puesto en marcha dieciocho entidades y profesionales. Esta plataforma nace \u201cpor la preocupaci\u00f3n ante las amenazas a los derechos de libertad de informaci\u00f3n y expresi\u00f3n en Espa\u00f1a\u201d. La plataforma est\u00e1 integrada por organizaciones y personas del \u00e1mbito jur\u00eddico (Uni\u00f3n de Fiscales Progresistas, Ilustre Colegio de Abogados y Comisi\u00f3n Legal Sol), del periodismo (Federaci\u00f3n de Sindicatos de Periodistas, elDiario.es, 20minutos, Disopress y la revista Mongolia) y de los movimientos sociales y ciudadanos (OCU, CEACCU). <a class=\"jce_file_custom\" title=\"14_12_02_20minutos_ipimission.pdf\" href=\"https:\/\/www.access-info.org\/wp-content\/uploads\/14_12_02_20minutos_ipimission.pdf\" target=\"_blank\" rel=\"noopener noreferrer\"><span class=\"jce_file_custom\"><span class=\"jce_file_custom\"><span class=\"jce_file_custom\"><span class=\"jce_file\">Read more&#8230;<\/span><\/span><\/span><\/span><\/a><\/p>\n<h4>\u2018El Agitador\u2019 particip\u00f3 en unas jornadas en Madrid sobre el abuso de la difamaci\u00f3n<\/h4>\n<p><a href=\"http:\/\/diariodelanzarote.com\/noticia\/%E2%80%98el-agitador%E2%80%99-particip%C3%B3-en-unas-jornadas-en-madrid-sobre-el-abuso-de-la-difamaci%C3%B3n\" target=\"_blank\" rel=\"noopener noreferrer\">Diario de Lanzarote<\/a> <strong>|<\/strong> 01\/12\/2014<em><br \/>\nSpanish<\/em> &#8211; El editor de la p\u00e1gina web elagitador.com, Carlos Meca, particip\u00f3 este fin de semana como invitado en las jornadas &#8216;El abuso de la difamaci\u00f3n en Espa\u00f1a. Estrategias de defensa para periodistas y abogados&#8217;, que se celebraron en la sede de la Asociaci\u00f3n de la Prensa de Madrid (APM), organizadas por Instituto Internacional de la Prensa (IPI) en cooperaci\u00f3n con Media Legal Defence Initiative (MLDI) y Access Info Europe. <a class=\"jce_file_custom\" title=\"14_12_01_diariolanzarote_jornadasdifamacion.pdf\" href=\"https:\/\/www.access-info.org\/wp-content\/uploads\/14_12_01_diariolanzarote_jornadasdifamacion.pdf\" target=\"_blank\" rel=\"noopener noreferrer\"><span class=\"jce_file_custom\"><span class=\"jce_file\">Read more&#8230;<\/span><\/span><\/a><\/p>\n<h4>Viajes ilimitados para &#8216;sus se\u00f1or\u00edas&#8217;<\/h4>\n<p><a href=\"http:\/\/www.cuatro.com\/noticias\/espana\/viajes-Congreso-Reino_Unido-diputados-senadores_2_1893180085.html\" target=\"_blank\" rel=\"noopener noreferrer\">Cuatro<\/a> <strong>|<\/strong> 16\/11\/2014<em><br \/>\nSpanish<\/em> &#8211; El Congreso tiene m\u00e1s de 300 diputados y el Senado m\u00e1s de 200 senadores. En total, 616 personas. Todas ellas viajan por todo el pais sin que nadie les pida explicaciones. La oposici\u00f3n ha pedido esta semana m\u00e1s control. El PP se resist\u00eda. Pero al final, ha anunciado que presentar\u00e1 una propuesta. El cambio tendr\u00eda que venir por ah\u00ed. <a class=\"jce_file_custom\" title=\"14_11_16_cuatro_viajestransparentes.pdf\" href=\"https:\/\/www.access-info.org\/wp-content\/uploads\/14_11_16_cuatro_viajestransparentes.pdf\" target=\"_blank\" rel=\"noopener noreferrer\"><span class=\"jce_file\">Read more&#8230;<\/span><\/a><\/p>\n<h4>Viajes en el Congreso y en el Senado s\u00ed, pero con transparencia<\/h4>\n<p><a href=\"http:\/\/www.tercerainformacion.es\/spip.php?article76975\" target=\"_blank\" rel=\"noopener noreferrer\">Tercera Informaci\u00f3n<\/a> <strong>|<\/strong> 13\/11\/2014<em><br \/>\nSpanish<\/em> &#8211; La Ley 19\/2013, de 9 de diciembre, de transparencia, acceso a la informaci\u00f3n p\u00fablica y buen gobierno entrar\u00e1 en vigor para los organismos estatales el pr\u00f3ximo 10 de diciembre de 2014 pero a solo un mes de esta fecha, muchos organismos siguen sin estar preparados para implementar estas normas en sus respectivas regulaciones. <span class=\"jce_file\"><a class=\"jce_file\" title=\"Read more...\" href=\"https:\/\/www.access-info.org\/wp-content\/uploads\/14_11_13_tercerainformacion_viajestransparentes.pdf\" target=\"_blank\" rel=\"noopener noreferrer\">Read more&#8230;<\/a> <\/span><\/p>\n<h4>Espa\u00f1a necesita desesperadamente una buena ley de transparencia<\/h4>\n<p><a href=\"http:\/\/www.lamarea.com\/2014\/11\/12\/espana-necesita-desesperadamente-una-buena-ley-de-transparencia\/\" target=\"_blank\" rel=\"noopener noreferrer\">La Marea<\/a> <strong>|<\/strong> 12\/11\/2014<em><br \/>\nSpanish<\/em> &#8211; Una de las preguntas que m\u00e1s plantean los periodistas ante la inminente entrada en vigor de la Ley de Transparencia, Acceso a la Informaci\u00f3n y Buen Gobierno es de qu\u00e9 modo \u00e9sta va a cambiar la situaci\u00f3n actual. Muchos ven en la entrada en vigor de la ley de transparencia un ant\u00eddoto m\u00e1gico contra la corrupci\u00f3n, visi\u00f3n que en cierto modo transmite el gobierno; pero esta visi\u00f3n es err\u00f3nea. La transparencia es fundamental para prevenir la corrupci\u00f3n pero no es suficiente por s\u00ed sola. <span class=\"jce_file_custom\"><a class=\"jce_file\" title=\"Read more...\" href=\"https:\/\/www.access-info.org\/wp-content\/uploads\/14_11_13_lamarea_espnecesitatransp.pdf\" target=\"_blank\" rel=\"noopener noreferrer\">Read more&#8230;<\/a> <\/span><\/p>\n<h4>Secretos de Estado<\/h4>\n<p><a href=\"http:\/\/blogs.publico.es\/numeros-rojos\/2014\/11\/12\/secretos-de-estado\/\" target=\"_blank\" rel=\"noopener noreferrer\">P\u00fablico.es<\/a> <strong>|<\/strong> 12\/11\/2014<em><br \/>\nSpanish<\/em> &#8211; El pasado 28 de marzo, el Gobierno sueco reconoc\u00eda a trav\u00e9s del llamado \u201cLibro Blanco\u201d haber cometido atrocidades contra los gitanos durante el siglo XX. Oblig\u00f3 a miles de madres de esta etnia a abortar o esterilizarse, dentro de una pol\u00edtica de \u2018depuraci\u00f3n racial\u2019 que se extendi\u00f3 hasta 1974. El informe, publicado por el Gobierno actual, de signo conservador, es una amplia investigaci\u00f3n en la que se mezclan testimonios de v\u00edctimas con documentos secretos que a\u00fan no hab\u00edan visto la luz. <a class=\"jce_file_custom\" title=\"14_11_12_publico_secretosestado.pdf\" href=\"https:\/\/www.access-info.org\/wp-content\/uploads\/14_11_12_publico_secretosestado.pdf\" target=\"_blank\" rel=\"noopener noreferrer\"><span class=\"jce_file\">Read more&#8230;<\/span><\/a><\/p>\n<h4>A lot of bad apples<\/h4>\n<p><a href=\"http:\/\/www.economist.com\/news\/europe\/21631126-wave-arrests-upends-political-establishment-lot-bad-apples\" target=\"_blank\" rel=\"noopener noreferrer\">The Economist<\/a> <strong>|<\/strong> 08\/11\/2014<em><br \/>\nEnglish<\/em> &#8211; JOS\u00c9 ANGEL FERNANDEZ VILLA led the biggest miners\u2019 union in northern Asturias. Francisco Granados was a key minister in the Madrid region. Jordi Pujol was president of Catalonia for 23 years. The three men have one thing in common: they all allegedly hid large sums of money in secret foreign bank accounts. <a class=\"jce_file_custom\" title=\"14_11_08_theeconomist_badapples.pdf\" href=\"https:\/\/www.access-info.org\/wp-content\/uploads\/14_11_08_theeconomist_badapples.pdf\" target=\"_blank\" rel=\"noopener noreferrer\">Read more&#8230;<\/a><\/p>\n<h4>The Economist advierte al PP de que perder\u00e1 las elecciones frente a Podemos si no se toma en serio la corrupci\u00f3n<\/h4>\n<p><a href=\"http:\/\/www.elboletin.com\/nacional\/107333\/the-economist-advierte-pp.html\" target=\"_blank\" rel=\"noopener noreferrer\">ElBolet\u00edn.com<\/a> <strong>|<\/strong> 06\/11\/2014<em><br \/>\nSpanish<\/em> &#8211; Tras la encuesta sobre intenci\u00f3n de voto publicada el pasado fin de semana por El Pa\u00eds el nombre de Podemos apareci\u00f3, en un tono m\u00e1s o menos alarmista, en diversas publicaciones de calado internacional. A saber: Bloomberg, la CNBC y el portal financiero Business Insider. <a class=\"jce_file\" title=\"Read more...\" href=\"https:\/\/www.access-info.org\/wp-content\/uploads\/14_11_06_elboletin_economistadvierte.pdf\" target=\"_blank\" rel=\"noopener noreferrer\">Read more&#8230;<\/a><\/p>\n<h4>Activistas pro transparencia ven \u00abfalta de independencia\u00bb y \u00abpolitizaci\u00f3n\u00bb en el Consejo de Transparencia<\/h4>\n<p><a href=\"http:\/\/www.eldiario.es\/politica\/Activistas-transparencia-independencia-Consejo-Transparencia_0_321618317.html\" target=\"_blank\" rel=\"noopener noreferrer\">Eldiario.es<\/a> <strong>|<\/strong> 06\/11\/2014<em><br \/>\nSpanish<\/em> &#8211; En un comunicado, estas organizaciones argumentan que la politizaci\u00f3n y la falta de independencia surgen porque los miembros de este Consejo ser\u00e1n propuestos por el Gobierno y su Estatuto \u00abdeber\u00eda haber incluido entre los requisitos para ser elegido presidente del Consejo de la Transparencia el no tener ninguna vinculaci\u00f3n pol\u00edtica\u00bb, en palabras de la coordinadora de campa\u00f1as de Access Info Europe, Victoria Anderica. <a class=\"jce_file\" title=\"Read more...\" href=\"https:\/\/www.access-info.org\/wp-content\/uploads\/14_11_06_eldiario_consejotranspboe.pdf\" target=\"_blank\" rel=\"noopener noreferrer\">Read more&#8230;<\/a><\/p>\n<h4>Activistas pro transparencia ven \u00abfalta de independencia\u00bb y \u00abpolitizaci\u00f3n\u00bb en el Consejo de Transparencia<\/h4>\n<p><a href=\"http:\/\/noticias.lainformacion.com\/mano-de-obra\/salarios-y-pensiones\/activistas-pro-transparencia-ven-falta-de-independencia-y-politizacion-en-el-consejo-de-transparencia_Jvlcky9JvW0AbycQnRebd4\/\" target=\"_blank\" rel=\"noopener noreferrer\">Lainformaci\u00f3n.com<\/a> <strong>|<\/strong> 06\/11\/2014<em><br \/>\nSpanish<\/em> &#8211; La Fundaci\u00f3n Ciudadana Civio y Access Info Europe han alertado este jueves de que el Consejo de Transparencia y Buen Gobierno que aprob\u00f3 el pasado viernes el Ejecutivo por Real Decreto &#8211;ocho meses despu\u00e9s del plazo legal establecido por la propia Ley de Transparencia&#8211;, \u00abha nacido sin independencia e incluso se favorece su politizaci\u00f3n\u00bb. <a class=\"jce_file\" title=\"Read more...\" href=\"https:\/\/www.access-info.org\/wp-content\/uploads\/14_11_06_lainformacion_consejotranspboe.pdf\" target=\"_blank\" rel=\"noopener noreferrer\">Read more&#8230;<\/a><\/p>\n<h4>Un Consejo de Transparencia y Buen Gobierno<\/h4>\n<p><a href=\"http:\/\/www.diarioresponsable.com\/buen-gobierno\/codigos\/18525-carlos-cueto.html\" target=\"_blank\" rel=\"noopener noreferrer\">Diario Responsable<\/a> <strong>|<\/strong> 06\/11\/2014<em><br \/>\nSpanish<\/em> &#8211; La Ley 19\/2013, de 9 de diciembre, de transparencia preve\u00eda la creaci\u00f3n de un Consejo de Transparencia y Buen Gobierno con la funci\u00f3n de velar por el cumplimiento de las obligaciones de publicidad y de buen gobierno, as\u00ed como garantizar el derecho de acceso a la informaci\u00f3n p\u00fablica y atenci\u00f3n de las reclamaciones que en esta materia presenten los ciudadanos. <a class=\"jce_file\" title=\"Read more...\" href=\"https:\/\/www.access-info.org\/wp-content\/uploads\/14_11_06_diarioresponsable_consejotranspboe.pdf\" target=\"_blank\" rel=\"noopener noreferrer\">Read more&#8230;<\/a><\/p>\n<h4>El decreto del Consejo de Transparencia llega al BOE con ocho meses de retraso<\/h4>\n<p><a href=\"http:\/\/www.zoomnews.es\/430723\/actualidad\/espana\/decreto-del-consejo-transparencia-llega-al-boe-ocho-meses-retraso\" target=\"_blank\" rel=\"noopener noreferrer\">Zoom News<\/a> <strong>|<\/strong> 06\/11\/2014<em><br \/>\nSpanish<\/em> &#8211; La Ley de Transparencia y Buen Gobierno, aprobada hace casi un a\u00f1o, establec\u00eda que el Gobierno deb\u00eda aprobar en un plazo de tres meses el Estatuto Org\u00e1nico del Consejo de Transparencia y Buen Gobierno, el organismo encargado de asegurar que se cumplan los requisitos de transparencia y de proteger el derecho de acceso a la informaci\u00f3n p\u00fablica de los ciudadanos. <a class=\"jce_file\" title=\"Read more...\" href=\"https:\/\/www.access-info.org\/wp-content\/uploads\/14_11_06_zoomnews_consejotranspboe.pdf\" target=\"_blank\" rel=\"noopener noreferrer\">Read more&#8230;<\/a><\/p>\n<h4>Darbishire: Ako se nema \u0161ta sakriti, za\u0161to informacije nisu javne?<\/h4>\n<p><a href=\"http:\/\/blogs.publico.es\/numeros-rojos\/2014\/11\/12\/secretos-de-estado\/\" target=\"_blank\" rel=\"noopener noreferrer\">Mediacentar_Online<\/a> <strong>|<\/strong> 05\/11\/2014<em><br \/>\nBosnian<\/em> &#8211; \u00abDijeljenje informacija je dio razvoja jednog dru\u0161tva i javnost mora znati \u0161ta se de\u0161ava unutar vlade i kako vlada tro\u0161i na\u0161 novac\u00bb, smatra Helen Darbishire, izvr\u0161na direktorica organizacije Access Info Europe. Na konferenciji odr\u017eanoj u Sarajevu 21.10.2014. pod nazivom \u00abProaktivna transparentnost javnih organa u BiH: Naredni korak u ostvarivanju prava na pristup informacijama\u201c ona je govorila o novim standardima i praksama u domenu pristupa informacijama. <a class=\"jce_file_custom\" title=\"14_11_05_mediacentar_analitikahelen.pdf\" href=\"https:\/\/www.access-info.org\/wp-content\/uploads\/14_11_05_mediacentar_analitikahelen.pdf\" target=\"_blank\" rel=\"noopener noreferrer\">Read more&#8230;<\/a><\/p>\n<h4>Lo que ser\u00e1 y lo que podr\u00eda haber sido el Consejo de Transparencia y Buen Gobierno<\/h4>\n<p><a href=\"http:\/\/www.eldiario.es\/zonacritica\/transparencia-gobierno-informacion-publica_6_321327884.html\" target=\"_blank\" rel=\"noopener noreferrer\">Eldiario.es<\/a> <strong>|<\/strong> 05\/11\/2014<em><br \/>\nSpanish<\/em> &#8211; Hoy se ha publicado Real Decreto 919\/2014, de 31 de octubre, por el que se aprueba el Estatuto del Consejo de Transparencia y Buen Gobierno. Esta norma desarrolla la naturaleza, el mandato, las funciones, los recursos y el presupuesto de este nuevo organismo cuyo objetivo principal es velar por el cumplimiento de las obligaciones de publicidad y de buen gobierno previstas en la norma, as\u00ed como garantizar el derecho de acceso a la informaci\u00f3n p\u00fablica. <a href=\"index.php\/es\/espana\/633-consejo-transparencia-boe\" target=\"_blank\" rel=\"noopener noreferrer\">Read more&#8230;<\/a><\/p>\n<h4>El decreto del Consejo de Transparencia llega al BOE con ocho meses de retraso<\/h4>\n<p><a href=\"http:\/\/www.lamarea.com\/2014\/11\/05\/el-decreto-del-consejo-de-transparencia-llega-al-boe-con-ocho-meses-de-retraso\/\" target=\"_blank\" rel=\"noopener noreferrer\">La Marea<\/a> <strong>|<\/strong> 05\/11\/2014<em><br \/>\nSpanish<\/em> &#8211; La Ley de Transparencia y Buen Gobierno, aprobada hace casi un a\u00f1o, establec\u00eda que el Gobierno deb\u00eda aprobar en un plazo de tres meses el Estatuto Org\u00e1nico del Consejo de Transparencia y Buen Gobierno, el organismo encargado de asegurar que se cumplan los requisitos de transparencia y de proteger el derecho de acceso a la informaci\u00f3n p\u00fablica de los ciudadanos. Esa plazo legal se cumpli\u00f3 el pasado mes de marzo, pero no ha sido hasta hoy que el BOE recoge, con ocho meses de retraso, este decreto. <a class=\"jce_file\" title=\"Read more...\" href=\"https:\/\/www.access-info.org\/wp-content\/uploads\/14_11_05_lamarea_consejotranspboe.pdf\" target=\"_blank\" rel=\"noopener noreferrer\">Read more&#8230;<\/a><\/p>\n<h4>S\u00e1enz de Santamar\u00eda y Montoro, los ministros sin agenda p\u00fablica en su web<\/h4>\n<p><a href=\"http:\/\/www.lamarea.com\/2014\/10\/27\/saenz-de-santamaria-y-montoro-los-ministros-sin-agenda-publica-en-su-web\/\" target=\"_blank\" rel=\"noopener noreferrer\">La Marea<\/a> <strong>|<\/strong> 27\/10\/2014<em><br \/>\nSpanish<\/em> &#8211; En Qu\u00e9 hacen los diputados hemos analizado c\u00f3mo informa de su actividad el gabinete presidido por Mariano Rajoy. Para ello hemos examinado si en las p\u00e1ginas web de cada ministerio y de Moncloa hay un lugar dedicado a la actividad diaria de los miembros del Gobierno; un hist\u00f3rico; qu\u00e9 tipo de actividades muestran y c\u00f3mo. <span class=\"jce_file\"><span class=\"jce_file\"><a class=\"jce_file\" title=\"Read more...\" href=\"https:\/\/www.access-info.org\/wp-content\/uploads\/14_10_27_lamarea_agendaministros.pdf\" target=\"_blank\" rel=\"noopener noreferrer\">Read more&#8230;<\/a> <\/span> <\/span><\/p>\n<h4>El Comit\u00e9 de Derechos Humanos de la ONU, instado a investigar las violaciones del Derecho a la Informaci\u00f3n en Espa\u00f1a<\/h4>\n<p><a href=\"http:\/\/www.apmadrid.es\/noticias-destacados\/1-columna-abajo\/el-comite-de-derechos-humanos-de-la-onu-instado-a-investigar-las-violaciones-del-derecho-a-la-informacion-en-espana\" target=\"_blank\" rel=\"noopener noreferrer\">Asociaci\u00f3n de la Prensa de Madrid<\/a> <strong>|<\/strong> 22\/10\/2014<em><br \/>\nSpanish<\/em> &#8211; Organizaciones defensoras de la libertad de prensa instan al Comit\u00e9 de Derechos Humanos de la Organizaci\u00f3n de las Naciones Unidas (ONU) a investigar las violaciones a la libertad de expresi\u00f3n y al derecho de acceso a la informaci\u00f3n en Espa\u00f1a, seg\u00fan se advierte en la carta firmada por el International Press Institute, Reporteros Sin Fronteras, Access Info Europe, Federaci\u00f3n Europea de Periodistas, AMARC Europe, Article 19, Free Expression Associates y la World Association of Newspapers. <span class=\"jce_file\"><a class=\"jce_file_custom\" title=\"14_10_22_apm_unhrcspain.pdf\" href=\"https:\/\/www.access-info.org\/wp-content\/uploads\/14_10_22_apm_unhrcspain.pdf\" target=\"_blank\" rel=\"noopener noreferrer\"><span class=\"jce_file\">Read more&#8230;<\/span><\/a> <\/span><\/p>\n<h4>Organizaciones internacionales de editores y periodistas denuncian a la ONU trabas a la prensa en Espa\u00f1a<\/h4>\n<p><a href=\"http:\/\/www.teinteresa.es\/espana\/ORGANIZACIONES-INTERNACIONALES-EDITORES-PERIODISTAS-DENUNCIAN_0_1234077132.html\" target=\"_blank\" rel=\"noopener noreferrer\">Teinteresa.es<\/a> <strong>|<\/strong> 21\/10\/2014<em><br \/>\nSpanish<\/em> &#8211; Varias organizaciones internacionales de prensa han dirigido una carta a la secretaria del Alto Comisionado de la ONU para los Derechos Humanos, Kate Fox, en la que le piden que act\u00fae contra las trabas que consideran que pone la legislaci\u00f3n espa\u00f1ola al ejercicio de la libertad de expresi\u00f3n y opini\u00f3n. <span class=\"jce_file\"><span class=\"jce_file\"><a class=\"jce_file\" title=\"Read more...\" href=\"https:\/\/www.access-info.org\/wp-content\/uploads\/14_10_21_teinteresa_unhrcspain.pdf\" target=\"_blank\" rel=\"noopener noreferrer\">Read more&#8230;<\/a> <\/span> <\/span><\/p>\n<h4>Varias organizaciones denuncian ante la ONU la falta de libertad de informaci\u00f3n en Espa\u00f1a<\/h4>\n<p><a href=\"http:\/\/www.telecinco.es\/informativos\/cultura\/Varias-organizaciones-ONU-informacion-Espana_0_1878975113.html\" target=\"_blank\" rel=\"noopener noreferrer\">Telecinco.es<\/a> <strong>|<\/strong> 20\/10\/2014<em><br \/>\nSpanish<\/em> &#8211; Varias organizaciones defensoras de la libertad de expresi\u00f3n, prensa e informaci\u00f3n han dirigido una carta a la Secretaria del Alto Comisionado de la ONU para los Derechos Humanos, Kate Fox, para que incluya la falta de libertad de expresi\u00f3n y opini\u00f3n en Espa\u00f1a en el sexto informe peri\u00f3dico del Pacto Internacional de Derechos Civiles y Pol\u00edticos (ICCPR, por sus siglas en ingl\u00e9s), seg\u00fan informa Reporteros Sin Fronteras. <span class=\"jce_file\"><a class=\"jce_file_custom\" title=\"14_10_20_telecinco_unhrcspain.pdf\" href=\"https:\/\/www.access-info.org\/wp-content\/uploads\/14_10_20_telecinco_unhrcspain.pdf\" target=\"_blank\" rel=\"noopener noreferrer\"><span class=\"jce_file\">Read more&#8230;<\/span><\/a> <\/span><\/p>\n<h4>A roadmap to transparency and away from Sir Humphrey<\/h4>\n<p><a href=\"http:\/\/www.euractiv.com\/sections\/eu-priorities-2020\/roadmap-transparency-and-away-sir-humphrey-308698\" target=\"_blank\" rel=\"noopener noreferrer\">EurActiv.com<\/a> <strong>|<\/strong> 25\/09\/2014<em><br \/>\nEnglish<\/em> &#8211; Sir Humphrey Appleby to Prime Minister Jim Hacker: \u201cOpen government, Prime Minister. Freedom of information. We should always tell the press freely and frankly anything that they could easily find out some other way.\u00bb This quote illustrates perfectly the attitude of the EU institutions to transparency. For over half a century, European integration was driven by diplomats and civil servants. As a consequence, the culture in the institutions was marked by discretion, confidentiality and secrecy. <span class=\"jce_file\"><a class=\"jce_file\" title=\"Read more...\" href=\"https:\/\/www.access-info.org\/wp-content\/uploads\/14_09_25_euractiv_roadmaptransparency.pdf\" target=\"_blank\" rel=\"noopener noreferrer\">Read more&#8230;<\/a> <\/span><\/p>\n<h4>Access Info alerta de que a\u00fan no se conocen los reglamentos de la Ley de transparencia<\/h4>\n<p><a href=\"http:\/\/almeria.fape.es\/access-info-alerta-de-que-aun-no-se-conocen-los-reglamentos-de-la-ley-de-transparencia\/\" target=\"_blank\" rel=\"noopener noreferrer\">Asociaci\u00f3n de la Prensa de Almer\u00eda<\/a> <strong>|<\/strong> 23\/09\/2014<em><br \/>\nSpanish<\/em> &#8211; Seg\u00fan publica en su portal digital la Asociaci\u00f3n de la Prensa de Madrid (APM), Access Info alerta de que, a tres meses de su entrada en vigor, a\u00fan no se conocen los reglamentos de la Ley de Transparencia. Fue aprobada en diciembre de 2013 y la organizaci\u00f3n establece varias tareas que debe llevar a cabo el Gobierno antes de su entrada en vigor. <span class=\"jce_file_custom\"><a class=\"jce_file\" title=\"Read more...\" href=\"https:\/\/www.access-info.org\/wp-content\/uploads\/14_09_23_asocprensaalmeria_leytransp.pdf\" target=\"_blank\" rel=\"noopener noreferrer\">Read more&#8230;<\/a> <\/span><\/p>\n<h4>Las entidades espa\u00f1olas gastan m\u00e1s de 28 millones al a\u00f1o para hacer &#8216;lobby&#8217; en la UE<\/h4>\n<p><a href=\"http:\/\/www.elconfidencial.com\/espana\/2014-09-22\/las-entidades-espanolas-gastan-mas-de-28-millones-al-ano-para-hacer-lobby-en-la-ue_192221\/\" target=\"_blank\" rel=\"noopener noreferrer\">El Confidencial<\/a> <strong>|<\/strong> 22\/09\/2014<em><br \/>\nSpanish<\/em> &#8211; Iberdrola, Repsol o Gas Natural. Pero tambi\u00e9n Ecologistas en Acci\u00f3n o la Asociaci\u00f3n Agroforestal Europea. Son s\u00f3lo algunas de las entidades con las que tendr\u00e1 que lidiar el reci\u00e9n elegido comisario de Clima y Energ\u00eda, Arias Ca\u00f1ete. El lobby espa\u00f1ol que ejerce presi\u00f3n en esta cartera es el m\u00e1s activo entre los que est\u00e1n registrados en el Registro de Transparencia de la Uni\u00f3n Europea. <a class=\"jce_file_custom\" title=\"14_09_22_elconfidencial_lobbyespue.pdf\" href=\"https:\/\/www.access-info.org\/wp-content\/uploads\/14_09_22_elconfidencial_lobbyespue.pdf\" target=\"_blank\" rel=\"noopener noreferrer\"><span class=\"jce_file\">Read more&#8230;<\/span><\/a><\/p>\n<h4 class=\"entry-title\">Paraguay is 100th nation to pass FOI law, but struggle for openness goes on<\/h4>\n<p><a href=\"http:\/\/www.theguardian.com\/public-leaders-network\/2014\/sep\/19\/paraguay-freedom-information-law-transparency?CMP=twt_gu\" target=\"_blank\" rel=\"noopener noreferrer\">The Guardian<\/a> <strong>|<\/strong> 19\/09\/2014<em><br \/>\nEnglish<\/em> &#8211; Paraguay has become the 100th country in the world to have a freedom of information (FOI) law, a milestone for Paraguay and for the transparency movement. A bedrock of government openness, FOI laws (also called right to know laws or access to information laws) have experienced several decades of explosive growth. <a class=\"jce_file_custom\" title=\"14_09_19_theguardian_paraguay100.pdf\" href=\"https:\/\/www.access-info.org\/wp-content\/uploads\/14_09_19_theguardian_paraguay100.pdf\" target=\"_blank\" rel=\"noopener noreferrer\">Read more&#8230;<\/a><\/p>\n<h4><span class=\"jce_file_custom\">World Hits 100 Freedom of Info Laws, but Challenges Abound<\/span><\/h4>\n<p><a href=\"http:\/\/gijn.org\/2014\/09\/19\/world-hits-100-freedom-of-info-laws-but-challenges-abound\/\" target=\"_blank\" rel=\"noopener noreferrer\">Global Investigative Journalism Network<\/a> <strong>|<\/strong> 19\/09\/2014<em><br \/>\nEnglish<\/em> &#8211; The civil society movement campaigning for government openness reached a significant landmark yesterday with the Latin American country of Paraguay enacting the world&#8217;s 100th access to information law. Right to information specialist organization Access Info Europe congratulates the global freedom of information community for achieving this milestone.<span class=\"jce_file\"> <a class=\"jce_file\" title=\"Read more...\" href=\"https:\/\/www.access-info.org\/wp-content\/uploads\/14_09_19_globalinvjournnetwork_100foilaws.pdf\" target=\"_blank\" rel=\"noopener noreferrer\">Read more&#8230;<\/a> <\/span><\/p>\n<h4>Una campa\u00f1a alerta de los peligros del aumento del consumo de az\u00facar y piden un etiquetado claro y regulado<\/h4>\n<p><a href=\"http:\/\/www.europapress.es\/sociedad\/consumo-00648\/noticia-campana-alerta-peligros-aumento-consumo-azucar-20140626191440.html\" target=\"_blank\" rel=\"noopener noreferrer\">Europa Press<\/a> <strong>|<\/strong> 26\/06\/2014<br \/>\n<em>Spanish<\/em> &#8211; VSF Justicia Alimentaria Global ha presentado este jueves la campa\u00f1a &#8217;25 gramos&#8217; para alertar de los peligros asociados al incremento del consumo de az\u00facar y pedir \u00abun etiquetado claro y una publicidad regulada\u00bb para los alimentos que incluyen az\u00facar en su composici\u00f3n. <span class=\"jce_file\"><span class=\"jce_file_custom\"><span class=\"jce_file_custom\"><span class=\"jce_file\"><span class=\"jce_file_custom\"><span class=\"jce_file\"><span class=\"jce_file\"><a class=\"jce_file\" title=\"Read more...\" href=\"https:\/\/www.access-info.org\/wp-content\/uploads\/2014_06_26_europapress_25gramos.pdf\" target=\"_blank\" rel=\"noopener noreferrer\">Read more&#8230;<\/a> <\/span> <\/span><\/span> <\/span><\/span><\/span> <\/span><\/p>\n<h4>Amtsgeheimnis in der Verfassung weltweit einmalig<\/h4>\n<p><a href=\"http:\/\/oe1.orf.at\/artikel\/378035\" target=\"_blank\" rel=\"noopener noreferrer\">ARF.at<\/a> <strong>|<\/strong> 16\/06\/2014<br \/>\n<em>German<\/em> &#8211; Es sei h\u00f6chste Zeit, dass \u00d6sterreich seine Verfassung \u00e4ndere, sagte Helen Darbishire, Direktorin von Access-Info Europe. Die spanisch-britische Organisation setzt sich f\u00fcr die Rechte der B\u00fcrger und Steuerzahler auf Informationen vom Staat ein. <span class=\"jce_file\"><span class=\"jce_file_custom\"><span class=\"jce_file_custom\"><span class=\"jce_file\"><a class=\"jce_file_custom\" title=\"2014_06_16_orf_austria.pdf\" href=\"https:\/\/www.access-info.org\/wp-content\/uploads\/2014_06_16_orf_austria.pdf\" target=\"_blank\" rel=\"noopener noreferrer\"><span class=\"jce_file\">Read more&#8230;<\/span><\/a> <\/span><\/span><\/span> <\/span><\/p>\n<h4>Potrebne sto bolje informacije<\/h4>\n<p><a href=\"http:\/\/issuu.com\/dnevne-novine\/docs\/dnevne_13._jun\" target=\"_blank\" rel=\"noopener noreferrer\">Novine<\/a> <strong>|<\/strong> 13\/06\/2014<br \/>\n<em>Serbian<\/em> &#8211; Radionica o slobodnom pristupu informacijama i etickom novinarstvu u Crnoj Gori koju organizuje Medijski Savjet za samoreulaciju zajedno sa UNESKO-om, Evropskom Komisijon, SEENPM-om i Access Info Europe otvorena je juce u Pogorici i trajace dva dana. <a class=\"jce_file_custom\" title=\"2014_06_13_novine_llbalkans.jpg\" href=\"https:\/\/www.access-info.org\/wp-content\/uploads\/2014_06_13_novine_llbalkans.jpg\" target=\"_blank\" rel=\"noopener noreferrer\">Read more&#8230;<\/a><\/p>\n<h4>Seminar: Medijska odgovornost i slobodan pristup informacijama, Podgorica 12 &#8211; 13. jun 2014.<\/h4>\n<p><a href=\"http:\/\/www.unescomontenegro.com\/index.php?option=com_content&amp;view=article&amp;id=246%3Aseminar-medijska-odgovornost-i-slobodan-pristup-informacijama-podgorica-12-13-jun-2014&amp;lang=sr\" target=\"_blank\" rel=\"noopener noreferrer\">UNESCO Montenegro<\/a> <strong>|<\/strong> 13\/06\/2014<br \/>\n<em>Serbian<\/em> &#8211; UNESCO u saradnji sa Evropskom komisijom organizuje seminar za crnogorske novinare, blogere i studente novinarstva na temu medijske odgovornosti i slobodnog pristupa informacijama, u Podgorici 12 -13. juna 2014. godine. <span class=\"jce_file\"><span class=\"jce_file_custom\"><span class=\"jce_file_custom\"><span class=\"jce_file\"><a class=\"jce_file\" title=\"Read more...\" href=\"https:\/\/www.access-info.org\/wp-content\/uploads\/2014_06_13_unesco_llpodgorica.pdf\" target=\"_blank\" rel=\"noopener noreferrer\">Read more&#8230;<\/a> <\/span><\/span><\/span> <\/span><\/p>\n<h4>Udru\u017eenje ABC u\u010destvovalo u Legal Leaks radionici za novinare u BiH<\/h4>\n<p><a href=\"http:\/\/www.abc.ba\/novost\/21199\/udruzenje-abc-ucestvovalo-u-legal-leaks-radionici-za-novinare-u-bosni-i-hercegovini\" target=\"_blank\" rel=\"noopener noreferrer\">Abc.ba<\/a> <strong>|<\/strong> 13\/06\/2014<br \/>\n<em>Bosnian<\/em> &#8211; Novinari i mediji se vrlo \u010desto suo\u010davaju sa barijerama u pristupu informacijama, naro\u010dito ako se informacije odnose na korupciju, organizovani kriminal, kr\u0161enje ljudskih prava i druge osjetljive oblasti novinarskog izvje\u0161tavanja. Za\u0161to je va\u017eno da novinari u svakodnevnom radu koriste svoje pravo na pristup informacijama; kakva je praksa sprovo\u0111enja zakona o slobodi pristupa informacijama u Bosni i Hercegovini; na koji na\u010din mediji mogu dobiti podatke od Evropske unije; kako se koristiti otvorenim bazama podataka, te kako dobijene informacije prezentovati uz po\u0161tovanje eti\u010dkih, profesionalnih standarda datih u Kodeksu za \u0161tampu i online medije BiH \u2013 klju\u010dna su pitanja na koje je odgovore pru\u017eila Legal Leaks radionica. <span class=\"jce_file\"><a class=\"jce_file_custom\" title=\"2014_06_13_abcba_llbih.pdf\" href=\"https:\/\/www.access-info.org\/wp-content\/uploads\/2014_06_13_abcba_llbih.pdf\" target=\"_blank\" rel=\"noopener noreferrer\"><span class=\"jce_file_custom\"><span class=\"jce_file\">Read more&#8230;<\/span><\/span><\/a> <\/span><\/p>\n<h4>Legal Leaks event in Sarajevo trains media professionals in data journalism<\/h4>\n<p><a href=\"http:\/\/www.unesco.org\/new\/en\/communication-and-information\/resources\/news-and-in-focus-articles\/all-news\/news\/legal_leaks_event_in_sarajevo_trains_media_professionals_in_data_journalism\/#.U56n5qhhonW\" target=\"_blank\" rel=\"noopener noreferrer\">UNESCO.org<\/a> <strong>|<\/strong> 13\/06\/2014<br \/>\n<em>English<\/em> &#8211; Data journalism is opening up new possibilities for journalists to produce new types of stories and to present complex information to readers through infographics. <span class=\"jce_file\"><a class=\"jce_file_custom\" title=\"2014_06_13_unesco_llsarajevo.pdf\" href=\"https:\/\/www.access-info.org\/wp-content\/uploads\/2014_06_13_unesco_llsarajevo.pdf\" target=\"_blank\" rel=\"noopener noreferrer\"><span class=\"jce_file\">Read more&#8230;<\/span><\/a> <\/span><\/p>\n<h4>Otvorena konferencija o slobodnom pristupu informacijama \u201cLegalLeaks\u201d<\/h4>\n<p><a href=\"http:\/\/portalanalitika.me\/drustvo\/vijesti\/150154-otvorena-konferencija-o-slobodnom-pristupu-informacijama-legalleaks\" target=\"_blank\" rel=\"noopener noreferrer\">Analitika<\/a> <strong>|<\/strong> 12\/06\/2014<br \/>\n<em>Serbian<\/em> &#8211; Radionica o slobodnom pristupu informacijama i eti\u010dkom novinarstvu u Crnoj Gori, koju organizuje Medijski Savjet za samoreulaciju zajedno sa UNESKO-om, Evropskom Komisijom, SEENPM-om i Access Info Europe, otvorena je danas u Podgorici i traja\u0107e dva dana. <a class=\"jce_file_custom\" title=\"2014_06_12_analitika_llbalkans.pdf\" href=\"https:\/\/www.access-info.org\/wp-content\/uploads\/2014_06_12_analitika_llbalkans.pdf\" target=\"_blank\" rel=\"noopener noreferrer\">Read more&#8230;<\/a><\/p>\n<h4>Pomo\u0107i \u0107emo novinarima iz BiH u vezi s pristupom informacijama iz EU<\/h4>\n<p><a href=\"http:\/\/www.vijesti.ba\/vijesti\/bih\/221182-Pomoci-cemo-novinarima-BiH-vezi-pristupom-informacijama.html\" target=\"_blank\" rel=\"noopener noreferrer\">Vijesti.ba<\/a> <strong>|<\/strong> 11\/06\/2014<br \/>\n<em>Bosnian<\/em> &#8211; Access Info Europe mo\u017ee da pomogne novinarima BiH koji imaju problema da dobiju informacije iz EU i to je jedan od razloga za\u0161to odr\u017eavamo ove vrste radionica u BiH, kazala je Agenciji FENA izvr\u0161na direktorica Access Info Europe Helen Darbishire, koja je danas u Sarajevu odr\u017eala uvodno predavanje drugog dana Legal Leaks radionice za novinare u BiH \u010dija je tema \u201eSloboda informiranja: osna\u017eivanje novinarstva\u201c. <a class=\"jce_file\" title=\"Read more...\" href=\"https:\/\/www.access-info.org\/wp-content\/uploads\/2014_06_11_vijestiba_llbih.pdf\" target=\"_blank\" rel=\"noopener noreferrer\">Read more&#8230;<\/a><\/p>\n<h4>LEGAL LEAKS RADIONICU ZA NOVINARE IZ BiH \u201eSLOBODA INFORMISANJA: OSNA\u017dIVANJE NOVINARSTVA\u201c<\/h4>\n<p><a href=\"http:\/\/www.vzs.ba\/index.php?option=com_content&amp;view=article&amp;id=1828:odrana-legal-leaks-radionica-za-novinare-iz-bih-sarajevo-10-11062014&amp;catid=12:najava-dogaaja&amp;Itemid=15\" target=\"_blank\" rel=\"noopener noreferrer\">VIJE\u0106E ZA \u0160TAMPU<\/a> <strong>|<\/strong> 11\/06\/2014<br \/>\n<em>Bosnian<\/em> &#8211; Vije\u0107e za \u0161tampu u Bosni i Hercegovini uspje\u0161no je realizovalo Legal Leaks Radionicu za novinare u Bosni i Hercegovini \u201eSloboda informisanja: Osna\u017eivanje novinarstva\u201c. Dvodnevna radionica, koja je odr\u017eana 10. i 11. juna\/lipnja 2014. godine u Sarajevu, organizovana je u saradnji sa Evropskom komisijom, UNESCO &#8211; om, organizacijom Access Info Europe i SEENPM. <a class=\"jce_file_custom\" title=\"2014_06_11_vijecezastampu_llbih.pdf\" href=\"https:\/\/www.access-info.org\/wp-content\/uploads\/2014_06_11_vijecezastampu_llbih.pdf\" target=\"_blank\" rel=\"noopener noreferrer\">Read more&#8230; <\/a><\/p>\n<h4>First Legal Leaks training in Pristina empowers journalists to use access to information laws<\/h4>\n<p><a href=\"http:\/\/www.unesco.org\/new\/en\/communication-and-information\/resources\/news-and-in-focus-articles\/all-news\/news\/first_legal_leaks_training_in_pristina_empowers_journalists_to_use_access_to_information_laws\/#.U56n2KhhonW\" target=\"_blank\" rel=\"noopener noreferrer\">UNESCO.org<\/a> <strong>|<\/strong> 04\/06\/2014<br \/>\n<em>English<\/em> &#8211; How is taxpayers\u2019 money being spent in a city? What are the plans for constructing a public hospital or a new school? Who received public contracts for building a new road or public infrastructure? Answers to those questions can be as interesting for readers, listeners and viewers as any story about political intrigue or international affairs. <span class=\"jce_file\"><a class=\"jce_file\" title=\"Read more...\" href=\"https:\/\/www.access-info.org\/wp-content\/uploads\/2014_06_04_unesco_llprishtina.pdf\" target=\"_blank\" rel=\"noopener noreferrer\">Read more&#8230;<\/a> <\/span><\/p>\n<h4>Informationsfreiheit auf EU-Ebene: EU-Kommission verweigert Anfragen<\/h4>\n<p><a href=\"https:\/\/netzpolitik.org\/2014\/informationsfreiheit-auf-eu-ebene-eu-kommission-verweigert-anfragen\/\" target=\"_blank\" rel=\"noopener noreferrer\">Netzpolitik.org<\/a> <strong>|<\/strong> 04\/06\/2014<br \/>\n<em>German<\/em> &#8211; Informationen und Dokumente aus den europ\u00e4ischen Institutionen zu erbitten kann so manchem graue Haare bereiten. Vor drei Jahren startete die Organisation Access Info Europe daher die Plattform AsktheEU.org, die den Zugang zu Dokumenten erleichtern und die EU ein wenig transparenter machen wollte. <span class=\"jce_file_custom\"><span class=\"jce_file_custom\"><span class=\"jce_file_custom\"><span class=\"jce_file_custom\"><span class=\"jce_file_custom\"><span class=\"jce_file_custom\"><span class=\"jce_file_custom\"><span class=\"jce_file_custom\"><span class=\"jce_file\"><span class=\"jce_file_custom\"><span class=\"jce_file\"><span class=\"jce_file\"><a class=\"jce_file\" title=\"Read more...\" href=\"https:\/\/www.access-info.org\/wp-content\/uploads\/2014_06_04_netzpolitikorg_ecrequests.pdf\" target=\"_blank\" rel=\"noopener noreferrer\">Read more&#8230;<\/a> <\/span> <\/span><\/span><\/span><\/span><\/span><\/span><\/span><\/span><\/span><\/span><\/span><\/p>\n<h4>Freedom of Information: Empowering Journalism<\/h4>\n<p><a href=\"http:\/\/eeas.europa.eu\/delegations\/kosovo\/press_corner\/focus\/2014\/20140603_01_en.htm\" target=\"_blank\" rel=\"noopener noreferrer\">European Union Office in Kosovo<\/a> <strong>|<\/strong> 03\/06\/2014<br \/>\n<em>English<\/em> &#8211; A workshop\/training for Kosovo journalists on freedom of information, organised by Legalleaks, is ongoing in Pristina. The Legal Leaks training will empower journalists to use their national freedom of information laws as a regular part of their work. <a class=\"jce_file\" title=\"Read more...\" href=\"https:\/\/www.access-info.org\/wp-content\/uploads\/2014_06_03_eudelegation_llprishtina.pdf\" target=\"_blank\" rel=\"noopener noreferrer\">Read more&#8230;<\/a><\/p>\n<h4>\u201cLegalLeaks\u201d, trajnimi i KMShK p\u00ebr qasjen e gazetar\u00ebve n\u00eb informata<\/h4>\n<p><a href=\"http:\/\/koha.net\/?id=27&amp;l=12616\" target=\"_blank\" rel=\"noopener noreferrer\">Koha.net<\/a> <strong>|<\/strong> 03\/06\/2014<br \/>\n<em>Albanian<\/em> &#8211; Qasja n\u00eb informata, e drejta n\u00eb qasje dhe pse \u00ebsht\u00eb ajo e r\u00ebnd\u00ebsishme p\u00ebr gazetar\u00ebt, ishin tema ky\u00e7e t\u00eb trajnimit dyditor t\u00eb titulluar Legal Leaks, t\u00eb cilin organizoi K\u00ebshilli i Mediave t\u00eb Shkruara t\u00eb Kosov\u00ebs s\u00eb bashku me UNESCO-n dhe organizat\u00ebn Access info Europe. <span class=\"jce_file_custom\"><span class=\"jce_file_custom\"><span class=\"jce_file_custom\"><span class=\"jce_file_custom\"><span class=\"jce_file_custom\"><span class=\"jce_file_custom\"><span class=\"jce_file_custom\"><span class=\"jce_file_custom\"><span class=\"jce_file\"><span class=\"jce_file_custom\"><span class=\"jce_file\"><a class=\"jce_file\" title=\"Read more...\" href=\"https:\/\/www.access-info.org\/wp-content\/uploads\/2014_06_03_kohanet_legalleakstraining.pdf\" target=\"_blank\" rel=\"noopener noreferrer\">Read more&#8230;<\/a> <\/span><\/span><\/span><\/span><\/span><\/span><\/span><\/span><\/span><\/span><\/span><\/p>\n<h4>FOIA in azione: la NBC richiede l\u2019accesso a documenti sul caso Snowden<\/h4>\n<p><a href=\"http:\/\/www.dirittodisapere.it\/category\/foia-2\/\" target=\"_blank\" rel=\"noopener noreferrer\">Diritto Di Sapere<\/a> <strong>|<\/strong> 29\/05\/2014<br \/>\n<em>Italian<\/em> &#8211; Ieri il giornalista Brian Williams ha intervistato Edward Snowden sulla NBC, in esclusiva per gli USA (Snowden aveva gi\u00e0 fatto un\u2019intervista televisiva per la tv tedesca, lo scorso gennaio). Tra i temi dell\u2019intervista anche i ripetuti tentativi dell\u2019ex-contractor di segnalare ai suoi superiori gli abusi della NSA attraverso canali interni, prima di rivolgersi a Glenn Greenwald e Laura Poitras. <a class=\"jce_file\" title=\"Read more...\" href=\"https:\/\/www.access-info.org\/wp-content\/uploads\/2014_05_29_dirittodisapere_foia.pdf\" target=\"_blank\" rel=\"noopener noreferrer\">Read more&#8230;<\/a><\/p>\n<h4>Council transparency: before and after<\/h4>\n<p><a href=\"http:\/\/markjohnston.org\/2014\/05\/23\/council-transparency-before-after\/\" target=\"_blank\" rel=\"noopener noreferrer\">Markjohnston.org<\/a> <strong>|<\/strong> 23\/05\/2014<br \/>\n<em>English<\/em> &#8211; After the 2011 Fukushima disaster, which exposed the collusion and incompetence among the regulators and regulated, you\u2019d expect that more transparent, accountable governance regimes for important issues such as nuclear safety could not be in question. <span class=\"jce_file_custom\"><span class=\"jce_file_custom\"><span class=\"jce_file_custom\"><span class=\"jce_file_custom\"><span class=\"jce_file_custom\"><span class=\"jce_file_custom\"><span class=\"jce_file_custom\"><span class=\"jce_file_custom\"><span class=\"jce_file\"><a class=\"jce_file_custom\" title=\"14_05_23_markjohnstonorg_counciltransparency.pdf\" href=\"https:\/\/www.access-info.org\/wp-content\/uploads\/14_05_23_markjohnstonorg_counciltransparency.pdf\" target=\"_blank\" rel=\"noopener noreferrer\"><span class=\"jce_file\">Read more&#8230;<\/span><\/a><\/span><\/span><\/span><\/span><\/span><\/span><\/span><\/span><\/span><\/p>\n<h4>Lobis: el poder que actua a l\u2019ombra de la UE<\/h4>\n<p><a href=\"http:\/\/www.ara.cat\/premium\/tema_del_dia\/Lobis-que-actua-lombra-UE_0_1142885718.html\" target=\"_blank\" rel=\"noopener noreferrer\">ara.cat<\/a> <strong>|<\/strong> 22\/05\/2014<br \/>\n<em>Catal\u00e0<\/em> &#8211; No tenen cara, no es presenten a les eleccions dins de cap partit pol\u00edtic, per\u00f2, tot i aix\u00f2, manen i disposen de la capacitat suficient per aconseguir normatives o dirigir el vot d\u2019eurodiputats que es deixen guiar quan desconeixen la mat\u00e8ria sobre la qual voten. <span class=\"jce_file_custom\"><a class=\"jce_file\" title=\"Read more...\" href=\"https:\/\/www.access-info.org\/wp-content\/uploads\/14_05_22_aracat_lobbiesue.pdf\" target=\"_blank\" rel=\"noopener noreferrer\">Read more&#8230;<\/a> <\/span><\/p>\n<h4>MEPs pledge to &#8216;stand-up for citizens&#8217; and democracy against excessive lobbying<\/h4>\n<p><a href=\"https:\/\/www.theparliamentmagazine.eu\/articles\/news\/meps-pledge-stand-citizens-and-democracy-against-excessive-lobbying\" target=\"_blank\" rel=\"noopener noreferrer\">Theparliamentmagazine.eu<\/a> <strong>|<\/strong> 22\/05\/2014<br \/>\n<em>English<\/em> &#8211; It is widely known that Brussels is Europe&#8217;s lobbying capital and that globally, it is second only to Washington in terms of the number of lobbyists dedicated to influencing legislation and policy on behalf of their clients or interest groups. <span class=\"jce_file_custom\"><span class=\"jce_file_custom\"><span class=\"jce_file_custom\"><span class=\"jce_file_custom\"><span class=\"jce_file_custom\"><span class=\"jce_file\"><span class=\"jce_file\"><a class=\"jce_file\" title=\"Read more...\" href=\"https:\/\/www.access-info.org\/wp-content\/uploads\/2014_05_22_parliamentmagazine_pledge.pdf\" target=\"_blank\" rel=\"noopener noreferrer\">Read more&#8230;<\/a> <\/span> <\/span><\/span><\/span><\/span><\/span><\/span><\/p>\n<h4>A Perugia il Festival del Giornalismo<\/h4>\n<p><a href=\"http:\/\/www.ansa.it\/sito\/notizie\/cultura\/2014\/05\/01\/a-perugia-il-festival-del-giornalismo_0684c9f9-6a67-462f-8e30-3df9445ff285.html\" target=\"_blank\" rel=\"noopener noreferrer\">Ansa.it<\/a> <strong>|<\/strong> 02\/05\/2014<br \/>\n<em>Italian<\/em> &#8211; Regolamentare l&#8217;attivit\u00e0 delle lobbies a livello europeo. Questa la richiesta arrivata da alcune associazioni di settore nel corso del panel \u00abLobby e potere\u00bb al Festival del Giornalismo di Perugia. \u00abIo sono una lobbista\u00bb, ha esordito Helen Darbshire, fondatrice di Access Info Europe e sostenitrice della campagna \u00abPolitics for People\u00bb, che ha come obiettivo la difesa del diritto di accesso alle informazioni e una maggiore regolamentazione a livello europeo delle lobbies. <a class=\"jce_file_custom\" title=\"2014_05_06_AnsaIt_PerugiaConference.pdf\" href=\"https:\/\/www.access-info.org\/wp-content\/uploads\/2014_05_06_AnsaIt_PerugiaConference.pdf\" target=\"_blank\" rel=\"noopener noreferrer\"><span class=\"jce_file_custom\"><span class=\"jce_file_custom\"><span class=\"jce_file_custom\"><span class=\"jce_file_custom\"><span class=\"jce_file_custom\"><span class=\"jce_file_custom\"><span class=\"jce_file_custom\"><span class=\"jce_file\">Read more&#8230;<\/span><\/span><\/span><\/span><\/span><\/span><\/span><\/span><\/a><\/p>\n<h4>Serbia&#8217;s access to information law received a high score<\/h4>\n<p><a href=\"http:\/\/www.balkans.com\/open-news.php?uniquenumber=192567\" target=\"_blank\" rel=\"noopener noreferrer\">Balkans.com<\/a> <strong>|<\/strong> 30\/04\/2014<br \/>\n<em>English<\/em> &#8211; The Serbian Access to Information Law got a high score from the two international non-governmental organizations that have conducted a survey in 95 countries, reads an article by Christian Spar, Director of Regional Media Program South East Europe of Konrad-Adenauer-Stiftung (KAS), based in Sofia. <a class=\"jce_file_custom\" title=\"2014_05_06_BalkansCom_ATILaw.pdf\" href=\"https:\/\/www.access-info.org\/wp-content\/uploads\/2014_05_06_BalkansCom_ATILaw.pdf\" target=\"_blank\" rel=\"noopener noreferrer\"><span class=\"jce_file_custom\"><span class=\"jce_file_custom\"><span class=\"jce_file_custom\"><span class=\"jce_file_custom\"><span class=\"jce_file_custom\"><span class=\"jce_file_custom\"><span class=\"jce_file_custom\"><span class=\"jce_file\">Read more&#8230;<\/span><\/span><\/span><\/span><\/span><\/span><\/span><\/span><\/a><\/p>\n<h4>A che punto \u00e8 il diritto di accesso all\u2019informazione in Italia<\/h4>\n<p><a href=\"http:\/\/www.wired.it\/attualita\/media\/2014\/04\/30\/che-punto-e-il-diritto-di-accesso-allinformazione-italia\/\" target=\"_blank\" rel=\"noopener noreferrer\">Wired.it<\/a> <strong>|<\/strong> 30\/04\/2014<br \/>\n<em>Italian<\/em> &#8211; Sono ormai un centinaio i Paesi nel mondo che hanno una legge sul diritto di accesso all\u2019informazione. Ma la bont\u00e0 delle diverse norme varia molto da Paese a Paese e l\u2019Italia, come troppo spesso accade quando si tratta di trasparenza, arranca: la classifica stilata dal Centre for Law and Democracy e Access Info conferma. <a class=\"jce_file_custom\" title=\"2014_05_05_Wired_PerugiaConference.pdf\" href=\"https:\/\/www.access-info.org\/wp-content\/uploads\/2014_05_05_Wired_PerugiaConference.pdf\" target=\"_blank\" rel=\"noopener noreferrer\"><span class=\"jce_file_custom\"><span class=\"jce_file_custom\"><span class=\"jce_file_custom\"><span class=\"jce_file_custom\"><span class=\"jce_file_custom\"><span class=\"jce_file_custom\"><span class=\"jce_file\">Read more&#8230;<\/span><\/span><\/span><\/span><\/span><\/span><\/span><\/a><\/p>\n<h4>Aspirantes a la Euroc\u00e1mara abogan por la \u201ctransparencia\u201d en la relaci\u00f3n de los lobbies y los representantes p\u00fablicos<\/h4>\n<p><a href=\"http:\/\/www.euractiv.es\/noticias\/noticia.php?noticia=7513\" target=\"_blank\" rel=\"noopener noreferrer\">EurActiv.es<\/a> <strong>|<\/strong> 24\/04\/2014<br \/>\n<em>Spanish<\/em> &#8211; Candidatos a las elecciones europeas de UPyD, PP, PSOE, Equo e IU se mostraron de acuerdo ayer en la necesidad de regular la relaci\u00f3n entre los lobbies y los representantes p\u00fablicos de la Uni\u00f3n Europea. Actualmente y seg\u00fan asegur\u00f3 la moderadora del debate p\u00fablico celebrado ayer en Madrid, Mar\u00eda Rosa Rotondo \u2013experta en lobbying-, existen m\u00e1s de 30.000 lobbistas en Bruselas, por lo que, como apuntaban los aspirantes, es esencial identificar qui\u00e9nes son estos grupos de presi\u00f3n en pro de una mayor transparencia. <a class=\"jce_file_custom\" title=\"2014_04_24_Euroactiv_DebateAbierto.pdf\" href=\"https:\/\/www.access-info.org\/wp-content\/uploads\/2014_04_24_Euroactiv_DebateAbierto.pdf\" target=\"_blank\" rel=\"noopener noreferrer\"><span class=\"jce_file_custom\"><span class=\"jce_file_custom\"><span class=\"jce_file_custom\"><span class=\"jce_file_custom\"><span class=\"jce_file_custom\"><span class=\"jce_file\">Read more&#8230;<\/span><\/span><\/span><\/span><\/span><\/span><\/a><\/p>\n<h4>Candidatos al Parlamento Europeo coinciden en la necesidad de regular la relaci\u00f3n con los lobbistas<\/h4>\n<p><a href=\"http:\/\/www.eldiario.es\/politica\/Candidatos-Parlamento-Europeo-coinciden-lobbistas_0_252675692.html\" target=\"_blank\" rel=\"noopener noreferrer\">Eldiario.es<\/a> <strong>|<\/strong> 23\/04\/2014<br \/>\n<em>Spanish<\/em> &#8211; Aspirantes del PP, PSOE, UPyD, IU y Equo a sentarse en un esca\u00f1o en Bruselas han coincidido en la necesidad de regular la relaci\u00f3n de los representantes p\u00fablicos con los lobbies. En concreto, han aplaudido el registro de este tipo de grupos de inter\u00e9s que se ha aprobado para el Parlamento Europeo y que ser\u00e1 obligatorio a partir de 2017, aunque algunos han lamentado que no se ampl\u00ede al Consejo Europeo y a la Comisi\u00f3n. <a class=\"jce_file_custom\" title=\"2014_04_24_Eldiario_DebateAbierto.pdf\" href=\"https:\/\/www.access-info.org\/wp-content\/uploads\/2014_04_24_Eldiario_DebateAbierto.pdf\" target=\"_blank\" rel=\"noopener noreferrer\"><span class=\"jce_file_custom\"><span class=\"jce_file_custom\"><span class=\"jce_file_custom\"><span class=\"jce_file_custom\"><span class=\"jce_file\">Read more&#8230;<\/span><\/span><\/span><\/span><\/span><\/a><\/p>\n<h4>Arranca la campa\u00f1a para que los candidatos a las europeas firmen el Pacto por el Software Libre<\/h4>\n<p><a href=\"http:\/\/www.rtve.es\/noticias\/20140423\/arranca-campana-para-que-los-candidatos-las-elecciones-europeas-firmen-pacto-por-software-libre\/925281.shtml\" target=\"_blank\" rel=\"noopener noreferrer\">RTVE<\/a> <strong>|<\/strong> 23\/04\/2014<br \/>\n<em>Spanish<\/em> &#8211; Como en cada cita electoral desde 2007, de cara a las elecciones europeas de mayo de 2014 se ha puesto en marcha la campa\u00f1a Pacto del Software Libre. El objetivo de la iniciativa, promovida en Espa\u00f1a por la asociaci\u00f3n Hispalinux, es conseguir que los candidatos se comprometan favorecer el desarrollo y uso de programas de software libre en Europa. <span class=\"jce_file_custom\"><span class=\"jce_file_custom\"><span class=\"jce_file_custom\"><span class=\"jce_file_custom\"><span class=\"jce_file_custom\"><span class=\"jce_file\"><a class=\"jce_file\" title=\"Read more...\" href=\"https:\/\/www.access-info.org\/wp-content\/uploads\/2014_04_23_RTVE_DebateAbierto.pdf\" target=\"_blank\" rel=\"noopener noreferrer\">Read more&#8230;<\/a> <\/span><\/span><\/span><\/span><\/span><\/span><\/p>\n<h4>Instituciones mudas en el a\u00f1o de la Transparencia<\/h4>\n<p><a href=\"http:\/\/www.abc.es\/espana\/20140412\/abci-silencio-administrativo-2013-201404111852.html\" target=\"_blank\" rel=\"noopener noreferrer\">ABC<\/a> <strong>|<\/strong> 12\/04\/2014<br \/>\n<em>Spanish<\/em> &#8211; El Gobierno central, los regionales, los ayuntamientos, partidos pol\u00edticos y sindicatos siguen \u00abmudos\u00bb. Mientras las bocas de los dirigentes espa\u00f1oles se llenaban de la palabra transparencia en 2013, m\u00e1s de la mitad de las peticiones de informaci\u00f3n de los ciudadanos a las administraciones que los gobiernan han encontrado el silencio como respuesta. <a class=\"jce_file_custom\" title=\"2014_04_12_ABC_InformeTuderechoasaber.pdf\" href=\"https:\/\/www.access-info.org\/wp-content\/uploads\/2014_04_12_ABC_InformeTuderechoasaber.pdf\" target=\"_blank\" rel=\"noopener noreferrer\"><span class=\"jce_file_custom\"><span class=\"jce_file_custom\"><span class=\"jce_file_custom\"><span class=\"jce_file_custom\"><span class=\"jce_file\">Read more&#8230;<\/span><\/span><\/span><\/span><\/span><\/a><\/p>\n<h4>Las instituciones ignoraron el 57% de las solicitudes de informaci\u00f3n en 2013, \u2019a\u00f1o de la transparencia\u2019<\/h4>\n<p><a href=\"http:\/\/www.tercerainformacion.es\/spip.php?article66769\" target=\"_blank\" rel=\"noopener noreferrer\">Tercera Informaci\u00f3n<\/a> <strong>|<\/strong> 09\/04\/2014<br \/>\n<em>Spanish<\/em> &#8211; Tan s\u00f3lo el 13% de las solicitudes recibi\u00f3 la informaci\u00f3n que se ped\u00eda. Mientras las comunidades aut\u00f3nomas mejoraron su repuesta, ayuntamientos, cabildos y otros organismos de proximidad ignoraron el 81% de las solicitudes, un 11% m\u00e1s que el a\u00f1o anterior . Access Info Europe y la Fundaci\u00f3n Ciudadana Civio presentan el Informe Tuderechoasaber.es 2013, que analiza las solicitudes de informaci\u00f3n enviadas a las instituciones desde esta web. <a class=\"jce_file_custom\" title=\"2014_04_09_TerceraInformacion_InformeTuderechoasaber.pdf\" href=\"https:\/\/www.access-info.org\/wp-content\/uploads\/2014_04_09_TerceraInformacion_InformeTuderechoasaber.pdf\" target=\"_blank\" rel=\"noopener noreferrer\"><span class=\"jce_file_custom\"><span class=\"jce_file_custom\"><span class=\"jce_file_custom\"><span class=\"jce_file\">Read more&#8230;<\/span><\/span><\/span><\/span><\/a><\/p>\n<h4>Ignoradas el 57% de las solicitudes de informaci\u00f3n en el \u00aba\u00f1o de la transparencia\u00bb<\/h4>\n<p><a href=\"http:\/\/www.informacionsensible.com\/news\/1789\/Ignoradas_el_57_de_las_solicitudes_de_informaci_n_en_el_a_o_de_la_transparencia\/\" target=\"_blank\" rel=\"noopener noreferrer\">Informaci\u00f3n Sensible<\/a> <strong>|<\/strong> 09\/04\/2014<br \/>\n<em>Spanish<\/em> &#8211; Aumenta en un 3% el silencio informativo en 2013 respecto al a\u00f1o anterior, seg\u00fan el Informe Tuderechoasaber.es, a cargo de Acces Info Europe y la Fundaci\u00f3n Ciudadana Civio. Seg\u00fan el estudio, en el 57% de los casos las solicitudes de informaci\u00f3n quedaron sin respuesta por parte de las instituciones, en el a\u00f1o en el que se tramit\u00f3 y aprob\u00f3 la Ley de Transparencia, Acceso a la Informaci\u00f3n P\u00fablica y Buen Gobierno, que entrar\u00e1 en vigor en ocho meses en las instituciones de rango nacional. <a class=\"jce_file_custom\" title=\"2014_05_09_InformacionSensible_InformeTuderechoasaber.pdf\" href=\"https:\/\/www.access-info.org\/wp-content\/uploads\/2014_05_09_InformacionSensible_InformeTuderechoasaber.pdf\" target=\"_blank\" rel=\"noopener noreferrer\"><span class=\"jce_file_custom\"><span class=\"jce_file_custom\"><span class=\"jce_file\">Read more&#8230;<\/span><\/span><\/span><\/a><\/p>\n<h4>Las instituciones ignoran m\u00e1s de la mitad de las solicitudes de informaci\u00f3n<\/h4>\n<p><a href=\"http:\/\/www.lamarea.com\/2014\/04\/09\/las-instituciones-ignoran-mas-de-la-mitad-de-las-solicitudes-de-informacion\/\" target=\"_blank\" rel=\"noopener noreferrer\">La Marea<\/a> <strong>|<\/strong> 09\/04\/2014<br \/>\n<em>Spanish<\/em> &#8211; Del \u201cvuelva usted ma\u00f1ana\u201d del funcionariado que describ\u00eda Larra en el siglo XIX, al silencio administrativo en el siglo XXI. El 57% de las peticiones de informaci\u00f3n a las distintas administraciones p\u00fablicas caen en el olvido, seg\u00fan denuncian las organizaciones Acces Info Europe y Civio en su informe anual. <a class=\"jce_file_custom\" title=\"2014_04_09_LaMarea_InformeTuderechoasaber.pdf\" href=\"https:\/\/www.access-info.org\/wp-content\/uploads\/2014_04_09_LaMarea_InformeTuderechoasaber.pdf\" target=\"_blank\" rel=\"noopener noreferrer\"><span class=\"jce_file_custom\"><span class=\"jce_file\">Read more&#8230;<\/span><\/span><\/a><\/p>\n<h4>Las instituciones ignoraron en 2013 el 57% de las solicitudes de informaci\u00f3n<\/h4>\n<p><a href=\"http:\/\/www.heraldo.es\/noticias\/nacional\/2014\/04\/09\/las_instituciones_ignoraron_2013_las_solicitudes_informacion_281276_305.html\" target=\"_blank\" rel=\"noopener noreferrer\">Heraldo.es<\/a> <strong>|<\/strong> 09\/04\/2014<br \/>\n<em>Spanish<\/em> &#8211; En 2013 las administraciones p\u00fablicas espa\u00f1olas recurrieron en m\u00e1s ocasiones que en 2012 al silencio administrativo. As\u00ed lo explica el informe Tuderechoasaber.es 2013 publicado este mi\u00e9rcoles por Access Info Europe y la Fundaci\u00f3n Ciudadana Civio en el que se recoge que el 57% de las solicitudes de acceso a la informaci\u00f3n no recibi\u00f3 ninguna contestaci\u00f3n. <a class=\"jce_file_custom\" title=\"2014_04_09_HeraldoEs_InformeTuderechoasaber.pdf\" href=\"https:\/\/www.access-info.org\/wp-content\/uploads\/2014_04_09_HeraldoEs_InformeTuderechoasaber.pdf\" target=\"_blank\" rel=\"noopener noreferrer\"><span class=\"jce_file\">Read more&#8230;<\/span><\/a><\/p>\n<h4>Las instituciones ignoraron el 57% de las solicitudes de acceso a la informaci\u00f3n durante 2013<\/h4>\n<p><a href=\"http:\/\/www.20minutos.es\/noticia\/2109005\/0\/acceso-informacion\/solicitudes-ignoradas\/2013\/\" target=\"_blank\" rel=\"noopener noreferrer\">20 Minutos<\/a> <strong>|<\/strong> 09\/04\/2014<br \/>\n<em>Spanish<\/em> &#8211; Access Info Europe y la Fundaci\u00f3n Ciudadana Civio presentan este mi\u00e9rcoles el Informe Tuderechoasaber.es 2013, que analiza las solicitudes de informaci\u00f3n enviadas por los ciudadanos a lo largo del a\u00f1o. En \u00e9l, destacan que el a\u00f1o de la tramitaci\u00f3n y aprobaci\u00f3n de la Ley de Transparencia, las administraciones p\u00fablicas recurrieron en m\u00e1s ocasiones que en 2012 al silencio administrativo para eludir dar respuesta a las solicitudes. <span class=\"jce_file\"><a class=\"jce_file\" title=\"Read more...\" href=\"https:\/\/www.access-info.org\/wp-content\/uploads\/2014_04_09_20Minutos_InformeTuderechoasaber.pdf\" target=\"_blank\" rel=\"noopener noreferrer\">Read more&#8230;<\/a> <\/span><\/p>\n<h4>Los ayuntamientos fueron las instituciones m\u00e1s opacas en el &#8216;a\u00f1o de la transparencia&#8217;<\/h4>\n<p><a href=\"http:\/\/www.elconfidencial.com\/espana\/2014-04-09\/los-ayuntamientos-fueron-las-instituciones-mas-opacas-en-el-ano-de-la-transparencia_114086\/\" target=\"_blank\" rel=\"noopener noreferrer\">El Confidencial<\/a> <strong>|<\/strong> 09\/04\/2014<br \/>\n<em>Spanish<\/em> &#8211; Habr\u00eda tenido que ser el a\u00f1o de la transparencia, pero de ella s\u00f3lo queda rastro en el nombre de una ley. En 2013, las Administraciones P\u00fablicas espa\u00f1olas han evitado responder a las peticiones de informaci\u00f3n de los ciudadanos m\u00e1s que el a\u00f1o anterior. Es el resultado que muestran los datos de Tuderechoasaber.es, la web de referencia para realizar estos tr\u00e1mites en Espa\u00f1a: el 57% de las instituciones interpeladas respondi\u00f3 con el silencio administrativo. <a class=\"jce_file\" title=\"2014_04_09_ElConfidencial_InformeTuderechoasaber.pdf\" href=\"https:\/\/www.access-info.org\/wp-content\/uploads\/2014_04_09_ElConfidencial_InformeTuderechoasaber.pdf\" target=\"_blank\" rel=\"noopener noreferrer\"><span class=\"jce_file\">Read more&#8230;<\/span><\/a><\/p>\n<h4>Debate on EU Transparency Register overlooks citizens&#8217; right to know<\/h4>\n<p><a href=\"http:\/\/euobserver.com\/transparency-register\/123185\" target=\"_self\" rel=\"noopener noreferrer\">EU Observer<\/a> <strong>|<\/strong> 18\/02\/2014<br \/>\n<em>English<\/em> &#8211; The debate on the future of the EU&#8217;s Transparency Register has to date focused on the dichotomy between mandatory and voluntary lobby registers, and the extent to which lobbyists should be required to disclose information about their funding, staff, clients and activities. One of the most contentious issues is whether or not there is a legal basis in the treaties that would allow the EU to create a mandatory lobby register. <span class=\"jce_file\"><a class=\"jce_file\" title=\"Read more...\" href=\"https:\/\/www.access-info.org\/wp-content\/uploads\/2014_02_18_EUObserver_TransparencyRegister.pdf\" target=\"_blank\" rel=\"noopener noreferrer\">Read more&#8230;<\/a>\u00a0<\/span><\/p>\n<h4>Aprendiendo del crowdfunding (I): campa\u00f1as pro transparencia y open data<\/h4>\n<p><a href=\"http:\/\/www.eldiario.es\/colaboratorio\/crowdfunding-transparencia-open_data-aprendizaje-difusion-participacion_6_227887217.html\" target=\"_self\" rel=\"noopener noreferrer\">Eldiario.es<\/a> <strong>|<\/strong> 11\/02\/2014<br \/>\n<em>Spanish<\/em> &#8211; Entre los cientos de proyectos que Goteo contribuye a financiar desde que inici\u00f3 su andadura, existe un tipo de iniciativas que conjugan las categor\u00edas de social, tecnol\u00f3gica y, en algunos casos, comunicativas. Entre \u00e9stas, encontramos proyectos que promueven el acceso a la informaci\u00f3n, la transparencia y los datos abiertos, como es el caso de Tu derecho a saber, Qu\u00e9 hacen los diputados, Proyecto Avizor, Transparencia de cuentas p\u00fablicas y Qui\u00e9n Manda. <span class=\"jce_file\"><a class=\"jce_file\" title=\"Read more...\" href=\"https:\/\/www.access-info.org\/wp-content\/uploads\/11_02_14_ElDiarioEs_Crowdfunding.pdf\" target=\"_blank\" rel=\"noopener noreferrer\">Read more&#8230;<\/a> <\/span><\/p>\n<h4>Council obstructs ruling on transparency<\/h4>\n<p><a href=\"http:\/\/www.wobbing.eu\/news\/council-obstructs-ruling-transparency\" target=\"_self\" rel=\"noopener noreferrer\">Wobbing Europe<\/a> <strong>|<\/strong> 07\/02\/2014<br \/>\n<em>English<\/em> &#8211; The Council of the EU has classified its own reaction to a landmark ruling on transparency by the EU-court in Luxembourg. The Court said citizens have a right to know. The Council refuses to disclose how this requirement will be met. <a class=\"jce_file\" title=\"Read more...\" href=\"https:\/\/www.access-info.org\/wp-content\/uploads\/Council_obstructs_ruling_on_transparency_Wobbing.pdf\">Read more&#8230;<\/a><\/p>\n<h4>El derecho al accesso a la informaci\u00f3n, clave en el discurso de Andreas Pavlou<\/h4>\n<p><a href=\"http:\/\/www.diariodeavila.es\/noticia\/ZECEFFE1D-E276-34C3-BE70218B7A283B96\/20140130\/derecho\/acceso\/informacion\/clave\/discurso\/andreas\/pavlou\" target=\"_self\" rel=\"noopener noreferrer\">Diario de \u00c1vila<\/a><strong>|<\/strong>30\/01\/2014<br \/>\n<em>Spanish &#8211; <\/em>&#8216;Encuentros\u00a0por una ciudadan\u00eda cr\u00edtica\u2019 inici\u00f3 este jueves una nueva temporada de debates en el IES Isabel de Castilla. El primero de los encuentros fue a partir de las siete de la tarde con Andreas Pavlou, encargado de comunicaci\u00f3n de FLOAnet de access Info Espa\u00f1a, una organizaci\u00f3n no gubernamental que lucha por el derecho de la ciudadan\u00eda al acceso a\u00a0 la informaci\u00f3n en todo el mundo. Read more&#8230;<\/p>\n<h4>La transparencia abre el ciclo de \u2018Encuentros por una ciudadan\u00eda cr\u00edtica\u2019<\/h4>\n<p><a href=\"http:\/\/avilared.net\/not\/8441\/la_transparencia_abre_el_ciclo_de__lsquo_encuentros_por_una_ciudadania_critica_rsquo_\/\" target=\"_self\" rel=\"noopener noreferrer\">\u00c1vilared<\/a> <strong>|<\/strong>\u00a030\/01\/2014<br \/>\n<em>Spanish<\/em>\u00a0&#8211;\u00a0Andreas Pavlou, miembro de Access Info Espa\u00f1a, ha abordado la transparencia como pol\u00edtica p\u00fablica en la primera conferencia del nuevo ciclo de \u2018Encuentros por una ciudadan\u00eda cr\u00edtica\u2019. Read more&#8230;<\/p>\n<h4>Media Plurality Series: The Transparency of Media Ownership<\/h4>\n<p><a href=\"http:\/\/blogs.lse.ac.uk\/mediapolicyproject\/2013\/12\/11\/the-transparency-of-media-ownership\/\" target=\"_self\" rel=\"noopener noreferrer\">The London School of Economics<\/a><strong> |<\/strong> 11\/12\/2013<br \/>\n<em>English<\/em> &#8211; In the next post in our Media Plurality Series curated together with the Media Power and Plurality Project,<a style=\"font-size: 9pt; line-height: 1.4em;\" href=\"http:\/\/www.opensocietyfoundations.org\/people\/mark-thompson\">Mark Thompson<\/a>, of the Open Society Media Program, argues that an important first step toward media pluralism in Europe is better transparency of media ownership. Read more&#8230;<\/p>\n<h4>Amidst General Distrust of Politics, the Socialist Party of Catalonia Takes Babysteps Towards Transparency<\/h4>\n<p><a href=\"https:\/\/techpresident.com\/news\/wegov\/24672\/general-distrust-politics-socialist-party-catalonia-makes-transparency-babysteps\" target=\"_self\" rel=\"noopener noreferrer\">Personal Democracy Media<\/a> <strong>|<\/strong> 15\/01\/2014<br \/>\n<em>English<\/em> &#8211; The Socialist Party of Catalonia (PSC) has launched a transparency portal, dubbing itself \u201cthe first open party of Barcelona.\u201d <a class=\"jce_file_custom\" title=\"2014_01_15_TechPresident_CataloniaTransparency.pdf\" href=\"https:\/\/www.access-info.org\/wp-content\/uploads\/2014_01_15_TechPresident_CataloniaTransparency.pdf\" target=\"_blank\" rel=\"noopener noreferrer\"><span class=\"jce_file\">Read more&#8230;<\/span><\/a><\/p>\n","protected":false},"excerpt":{"rendered":"<p>Noticias de 2014 Une loi espagnole sur la transparence peu convaincante Acteurs Publics | 16\/12\/2014 French &#8211; Il aura fallu une d\u00e9cennie \u00e0 l\u2019Espagne pour adopter une loi sur la transparence de la vie publique et l\u2019acc\u00e8s \u00e0 l\u2019information des citoyens. Objet de d\u00e9bats houleux depuis 2004, cette loi est entr\u00e9e en vigueur mercredi 10 d\u00e9cembre. Mais le texte est quasi unanimement contest\u00e9 pour son \u201cinsuffisance\u201d et pour l\u2019\u201copacit\u00e9\u201d qu\u2019il maintient. Read more&#8230; El Portal de Transparencia nace sin informaci\u00f3n sobre su coste Eldiario.es | 11\/12\/2014 Spanish &#8211; Un Portal de Transparencia poco transparente. Es una de las conclusiones tras<\/p>\n","protected":false},"author":6,"featured_media":0,"comment_status":"closed","ping_status":"open","sticky":false,"template":"","format":"standard","meta":{"footnotes":""},"categories":[88],"tags":[],"class_list":["post-14003","post","type-post","status-publish","format-standard","hentry","category-aieinthenews-es"],"_links":{"self":[{"href":"https:\/\/www.access-info.org\/es\/wp-json\/wp\/v2\/posts\/14003","targetHints":{"allow":["GET"]}}],"collection":[{"href":"https:\/\/www.access-info.org\/es\/wp-json\/wp\/v2\/posts"}],"about":[{"href":"https:\/\/www.access-info.org\/es\/wp-json\/wp\/v2\/types\/post"}],"author":[{"embeddable":true,"href":"https:\/\/www.access-info.org\/es\/wp-json\/wp\/v2\/users\/6"}],"replies":[{"embeddable":true,"href":"https:\/\/www.access-info.org\/es\/wp-json\/wp\/v2\/comments?post=14003"}],"version-history":[{"count":2,"href":"https:\/\/www.access-info.org\/es\/wp-json\/wp\/v2\/posts\/14003\/revisions"}],"predecessor-version":[{"id":32915,"href":"https:\/\/www.access-info.org\/es\/wp-json\/wp\/v2\/posts\/14003\/revisions\/32915"}],"wp:attachment":[{"href":"https:\/\/www.access-info.org\/es\/wp-json\/wp\/v2\/media?parent=14003"}],"wp:term":[{"taxonomy":"category","embeddable":true,"href":"https:\/\/www.access-info.org\/es\/wp-json\/wp\/v2\/categories?post=14003"},{"taxonomy":"post_tag","embeddable":true,"href":"https:\/\/www.access-info.org\/es\/wp-json\/wp\/v2\/tags?post=14003"}],"curies":[{"name":"wp","href":"https:\/\/api.w.org\/{rel}","templated":true}]}}