{"id":15172,"date":"2015-03-23T11:14:40","date_gmt":"2015-03-23T10:14:40","guid":{"rendered":"http:\/\/www.access-info.org\/?p=15172"},"modified":"2020-02-14T15:32:01","modified_gmt":"2020-02-14T14:32:01","slug":"grupos-internacionales-en-defensa-de-la-libertad-de-prensa-publican-un-informe-sobre-el-estado-de-la-libertad-de-informacion-en-espana-en-un-momento-electoral-clave-para-el-pais","status":"publish","type":"post","link":"https:\/\/www.access-info.org\/es\/2015-03-23\/grupos-internacionales-en-defensa-de-la-libertad-de-prensa-publican-un-informe-sobre-el-estado-de-la-libertad-de-informacion-en-espana-en-un-momento-electoral-clave-para-el-pais\/","title":{"rendered":"Grupos internacionales en defensa de la libertad de prensa publican un informe sobre el estado de la libertad de informaci\u00f3n en Espa\u00f1a, en un momento electoral clave para el pa\u00eds"},"content":{"rendered":"<h2>La Ley de Seguridad Ciudadana y la independencia de los medios p\u00fablicos generan cierta preocupaci\u00f3n entre los miembros de la misi\u00f3n<\/h2>\n<p><em>Viena, 23 de marzo de 2015<\/em> \u2013 De acuerdo con el informe publicado hoy por el <a href=\"http:\/\/www.freemedia.at\/\" target=\"_blank\" rel=\"noopener noreferrer\">Instituto Internacional de la Prensa<\/a> (IPI, por sus siglas en ingl\u00e9s) sobre la libertad de expresi\u00f3n y prensa en Espa\u00f1a, impera la necesidad de asegurar que el p\u00fablico pueda acceder al libre flujo de informaci\u00f3n. Este informe ve la luz tras la aprobaci\u00f3n por parte del Senado de la controvertida Ley de Seguridad Ciudadana, la cual ha suscitado una firme oposici\u00f3n tanto en Espa\u00f1a como en el extranjero por los posibles efectos que podr\u00eda ejercer sobre el ejercicio del periodismo.<\/p>\n<p><a class=\"download\" href=\"http:\/\/www.access-info.org\/wp-content\/uploads\/IPISpainReport_ESP.pdf\" target=\"_blank\" rel=\"noopener noreferrer\">El informe<\/a> abarca los hallazgos de una misi\u00f3n a Espa\u00f1a llevada a cabo en diciembre de 2014, que fue encabezada por el Instituto Internacional de la Prensa con la participaci\u00f3n de representantes de Access Info Europe (AIE), el Comit\u00e9 para la Protecci\u00f3n de Periodistas (CPJ, por sus siglas en ingl\u00e9s), la Federaci\u00f3n Europea de Periodistas (EFJ, por sus siglas en ingl\u00e9s), Reporteros sin Fronteras (RSF, por sus siglas en franc\u00e9s) y la Fundaci\u00f3n Open Society (OSF, por sus siglas en ingl\u00e9s).<\/p>\n<p>La publicaci\u00f3n del informe coincide con un a\u00f1o repleto de comicios electorales en Espa\u00f1a. Andaluc\u00eda ya ha dado el pistoletazo de salida este domingo pasado con las elecciones a la Junta. Una senda que concluir\u00e1 a finales de este a\u00f1o con las primeras elecciones generales despu\u00e9s del repentino auge de nuevos partidos pol\u00edticos y movimientos sociales en respuesta a la crisis econ\u00f3mica.<\/p>\n<p>En este contexto, los delegados de la misi\u00f3n identificaron los siguientes siete desaf\u00edos, explicados en profundidad en el informe:<\/p>\n<p>\u00b7 Amenazas a la independencia de la radiotelevisi\u00f3n p\u00fablica de Espa\u00f1a (RTVE).<\/p>\n<p>\u00b7 La falta de un regulador independiente especializado en la radiodifusi\u00f3n a nivel nacional.<\/p>\n<p>\u00b7 La necesidad de una mayor transparencia en la asignaci\u00f3n de la publicidad oficial.<\/p>\n<p>\u00b7 Nuevas normas jur\u00eddicas potencialmente restrictivas, incluyendo la Ley de Seguridad Ciudadana.<\/p>\n<p>\u00b7 Nueva legislaci\u00f3n de transparencia que no cumple con los est\u00e1ndares internacionales.<\/p>\n<p>\u00b7 Una tendencia a celebrar conferencias de prensa \u201csin preguntas\u201d entre los principales funcionarios p\u00fablicos.<\/p>\n<p>\u00b7 La existencia de leyes penales de difamaci\u00f3n y, en algunos casos, el uso de estas leyes.<\/p>\n<p>Igualmente, el informe destaca los efectos que tanto la crisis econ\u00f3mica espa\u00f1ola como la revoluci\u00f3n tecnol\u00f3gica han tenido sobre los medios de comunicaci\u00f3n en Espa\u00f1a. Seg\u00fan la Asociaci\u00f3n de Prensa de Madrid (APM) y la Federaci\u00f3n de Asociaciones de Periodistas de Espa\u00f1a (FAPE), el desaf\u00edo m\u00e1s importante para el ejercicio de periodismo en el pa\u00eds es la crisis econ\u00f3mica y, sobre todo, las \u00abprecarias\u00bb condiciones de empleo a las que se enfrentan los periodistas.<\/p>\n<p>El informe llega a la conclusi\u00f3n de que la libertad de prensa en Espa\u00f1a sigue siendo \u00abcomparable a la que disfrutan sus vecinos europeos, pero en un momento tan cr\u00edtico para el pa\u00eds, es esencial garantizar al m\u00e1ximo el libre flujo de informaci\u00f3n\u00bb.<\/p>\n<p>El informe, de 50 p\u00e1ginas, busca crear conciencia en \u00e1reas en las que las garant\u00edas espa\u00f1olas para la libertad de expresi\u00f3n pueden ser a\u00fan m\u00e1s reforzadas. Para ello, se ha tomado como referencia las conversaciones que se mantuvieron con actores claves relacionados con los medios de informaci\u00f3n durante la misi\u00f3n as\u00ed como los est\u00e1ndares internacionales en materia de libertad de expresi\u00f3n.<\/p>\n<p>Una de esas \u00e1reas, seg\u00fan el informe, es la Ley de Seguridad Ciudadana, sobre la cual RSF Espa\u00f1a dice que \u201cno s\u00f3lo atenta gravemente contra la libertad de informaci\u00f3n sino que puede conducir a la censura\u00bb. RSF Espa\u00f1a tambi\u00e9n destaca una serie de recientes incidentes de presunto acoso f\u00edsico y legal contra periodistas espa\u00f1oles a manos de las fuerzas de seguridad, muchos de los cuales ocurrieron durante la cobertura de actos organizados por algunos movimientos sociales.<\/p>\n<p>En un cap\u00edtulo escrito por Paco Audije, de EFJ, el informe tambi\u00e9n plantea serias preocupaciones con relaci\u00f3n a la direcci\u00f3n actual de la radiotelevisi\u00f3n p\u00fablica de Espa\u00f1a, muy criticada tanto dentro de la Corporaci\u00f3n como fuera de ella por decisiones que se han interpretado como limitaciones a la independencia editorial. A finales de enero, por ejemplo, el Consejo de Administraci\u00f3n de RTVE orden\u00f3 la destituci\u00f3n de su representante en la Uni\u00f3n Europea de Radiodifusi\u00f3n (UER) y presidente del influyente Comit\u00e9 de Informativos de la UER, Asun G\u00f3mez Bueno. Algunos medios publicaron que el Consejo buscaba a un representante \u201cm\u00e1s cercano\u201d a su presidente.<\/p>\n<p>Access Info Europe resume en el informe el escepticismo generalizado ante la nueva ley de acceso a la informaci\u00f3n de Espa\u00f1a. Seg\u00fan las voces m\u00e1s cr\u00edticas \u201cno est\u00e1 a la altura de los est\u00e1ndares de transparencia m\u00e1s vanguardistas\u00bb y muestra \u00abpoca ambici\u00f3n\u00bb, resultando en una \u00abley que nace vieja a pesar de haber sido redactada y aprobada en 2013\u201d.<\/p>\n<p>Durante la misi\u00f3n el diciembre pasado, los delegados de la misi\u00f3n sostuvieron cerca de 35 reuniones con representantes de los medios de comunicaci\u00f3n, la sociedad civil y el Gobierno, tanto en Madrid como en Barcelona, con el objetivo de escuchar a la mayor variedad de protagonistas. La misi\u00f3n se reuni\u00f3 con las principales cabeceras y medios de Espa\u00f1a, tales como El Mundo, El Pa\u00eds y ABC, al tiempo que tambi\u00e9n se busc\u00f3 los puntos de vista de los nuevos medios de informaci\u00f3n, la mayor\u00eda \u201cnativos digitales\u201d, nacidos bajo el paraguas de la revoluci\u00f3n tecnol\u00f3gica y las redes sociales.<\/p>\n<p>El informe de la delegaci\u00f3n internacional sigue los pasos de un informe publicado por la nueva organizaci\u00f3n espa\u00f1ola Plataforma en Defensa de la Libertad de Informaci\u00f3n (PDLI), que tambi\u00e9n identific\u00f3 las principales preocupaciones en materia de libertad de expresi\u00f3n, se\u00f1alando en particular las restricciones a las libertades digitales.<\/p>\n<p>La directora ejecutiva interina del IPI, Barbara Trionfi, dijo que el IPI inst\u00f3 al gobierno espa\u00f1ol \u201ca considerar la implementaci\u00f3n de las reformas m\u00e1s urgentes que se sugieren en el informe\u201d y llam\u00f3 a \u201ctodos los partidos pol\u00edticos que participan en estas elecciones a dar un espacio a la libertad de expresi\u00f3n y de la prensa, y muy especialmente a las recomendaciones de este informe, en sus manifiestos pol\u00edticos\u201d.<\/p>\n<p>Una vez dejadas atr\u00e1s las elecciones andaluzas, los municipios de Espa\u00f1a tomar\u00e1n el relevo con sus respectivos comicios electorales. Asimismo, en mayo se llevar\u00e1n a cabo las elecciones auton\u00f3micas. Los catalanes ir\u00e1n a las urnas el 27 de septiembre en medio de un intenso debate por la independencia de la regi\u00f3n. No se ha fijado una fecha para las elecciones generales, aunque se espera que se celebren a finales de 2015 o principios de 2016.<\/p>\n<p>Este informe es el primero de dos informes sobre la libertad de prensa que IPI lanzar\u00e1 esta semana. El segundo es un informe especial del IPI sobre Turqu\u00eda titulado \u00abLa democracia en riesgo\u00bb, que se basa en hechos recogidos durante las m\u00faltiples misiones y visitas de libertad de prensa del IPI a Turqu\u00eda en los \u00faltimos cuatro a\u00f1os, que se dar\u00e1 a conocer a finales de esta semana, en la que el IPI celebrar\u00e1 del 27 a 29 de marzo su <a class=\"external-link-new-window\" href=\"http:\/\/2015.ipiworldcongress.com\/events\/ipi-world-congress-2015\/event-summary-8578d2a16b8145dc8b45df80302b9cb7.aspx\" target=\"_blank\" rel=\"noopener noreferrer\">Congreso Mundial 2015 y la Asamblea General<\/a> en Myanmar.<\/p>\n<p>El informe completo est\u00e1 disponible aqu\u00ed. <a href=\"http:\/\/www.access-info.org\/wp-content\/uploads\/IPISpainReport_ESP.pdf\" target=\"_blank\" rel=\"noopener noreferrer\"><img decoding=\"async\" class=\"alignnone size-full wp-image-11665\" src=\"http:\/\/www.access-info.org\/wp-content\/uploads\/pdf_small.gif\" alt=\"alt\" width=\"16\" height=\"16\" \/><\/a><\/p>\n<h4><strong>Para m\u00e1s informaci\u00f3n, contactar con:<\/strong><\/h4>\n<p><strong>Victoria Anderica<\/strong> | Access Info Europe<a href=\"mailto:victoria@access-info.org\"><br \/>\nvictoria@access-info.org<\/a> +34 91 365 65 58<\/p>\n","protected":false},"excerpt":{"rendered":"<p>La Ley de Seguridad Ciudadana y la independencia de los medios p\u00fablicos generan cierta preocupaci\u00f3n entre los miembros de la misi\u00f3n Viena, 23 de marzo de 2015 \u2013 De acuerdo con el informe publicado hoy por el Instituto Internacional de la Prensa (IPI, por sus siglas en ingl\u00e9s) sobre la libertad de expresi\u00f3n y prensa en Espa\u00f1a, impera la necesidad de asegurar que el p\u00fablico pueda acceder al libre flujo de informaci\u00f3n. Este informe ve la luz tras la aprobaci\u00f3n por parte del Senado de la controvertida Ley de Seguridad Ciudadana, la cual ha suscitado una firme oposici\u00f3n tanto en<\/p>\n","protected":false},"author":6,"featured_media":20694,"comment_status":"closed","ping_status":"open","sticky":false,"template":"","format":"standard","meta":{"footnotes":""},"categories":[83],"tags":[],"class_list":["post-15172","post","type-post","status-publish","format-standard","has-post-thumbnail","hentry","category-esp-es"],"_links":{"self":[{"href":"https:\/\/www.access-info.org\/es\/wp-json\/wp\/v2\/posts\/15172","targetHints":{"allow":["GET"]}}],"collection":[{"href":"https:\/\/www.access-info.org\/es\/wp-json\/wp\/v2\/posts"}],"about":[{"href":"https:\/\/www.access-info.org\/es\/wp-json\/wp\/v2\/types\/post"}],"author":[{"embeddable":true,"href":"https:\/\/www.access-info.org\/es\/wp-json\/wp\/v2\/users\/6"}],"replies":[{"embeddable":true,"href":"https:\/\/www.access-info.org\/es\/wp-json\/wp\/v2\/comments?post=15172"}],"version-history":[{"count":3,"href":"https:\/\/www.access-info.org\/es\/wp-json\/wp\/v2\/posts\/15172\/revisions"}],"predecessor-version":[{"id":32791,"href":"https:\/\/www.access-info.org\/es\/wp-json\/wp\/v2\/posts\/15172\/revisions\/32791"}],"wp:featuredmedia":[{"embeddable":true,"href":"https:\/\/www.access-info.org\/es\/wp-json\/wp\/v2\/media\/20694"}],"wp:attachment":[{"href":"https:\/\/www.access-info.org\/es\/wp-json\/wp\/v2\/media?parent=15172"}],"wp:term":[{"taxonomy":"category","embeddable":true,"href":"https:\/\/www.access-info.org\/es\/wp-json\/wp\/v2\/categories?post=15172"},{"taxonomy":"post_tag","embeddable":true,"href":"https:\/\/www.access-info.org\/es\/wp-json\/wp\/v2\/tags?post=15172"}],"curies":[{"name":"wp","href":"https:\/\/api.w.org\/{rel}","templated":true}]}}