{"id":15576,"date":"2015-04-13T13:41:07","date_gmt":"2015-04-13T11:41:07","guid":{"rendered":"http:\/\/www.access-info.org\/?p=15576"},"modified":"2020-02-14T14:05:40","modified_gmt":"2020-02-14T13:05:40","slug":"ranking-de-transparencia-de-las-webs-municipales-de-madrid-2","status":"publish","type":"post","link":"https:\/\/www.access-info.org\/es\/2015-04-13\/ranking-de-transparencia-de-las-webs-municipales-de-madrid-2\/","title":{"rendered":"Ranking de transparencia de las webs municipales de Madrid"},"content":{"rendered":"<p>15 April 2015, Madrid, \u00a0Asociaci\u00f3n de la Prensa de Madrid,\u00a0Calle de Juan Bravo, 6<\/p>\n<p>Victoria Anderica Caffarena will speak\u00a0at\u00a0the press conference organised by the\u00a0Universidad Aut\u00f3noma de Barcelona to present the results of the\u00a0<a href=\"http:\/\/mapainfoparticipa.com\/es\">Mapa Infoparticipa<\/a>. This\u00a0project aims at evaluating the transparency of the local governments portals in\u00a06 <em>comunidades aut\u00f3nomas<\/em>: Catalu\u00f1a, Madrid, Andaluc\u00eda, Arag\u00f3n, Canarias and Galicia. The other\u00a0speakers will be<\/p>\n<ul>\n<li>Amparo Moreno Sard\u00e0,professo at\u00a0the UAB and director of the Laboratorio de Periodismo y Comunicaci\u00f3n para la Ciudadan\u00eda Plural (LPCCP), from where data for the\u00a0Mapa Infoparticipa are processed<\/li>\n<li>Marta Corcoy Rius\u00a0researcher of\u00a0the LPCCP<\/li>\n<li>Juan Lu\u00eds Manfredi S\u00e1nchez, professor of the Universidad de Castilla\u2013La Mancha<\/li>\n<li>Cristina Moreno de Albor\u00e1n from Civio<\/li>\n<\/ul>\n<p>The full programme is downloadable\u00a0<a href=\"http:\/\/www.access-info.org\/wp-content\/uploads\/transparenciawebsmunicipiosMadrid.pdf\">here<\/a><\/p>\n","protected":false},"excerpt":{"rendered":"<p>15 April 2015, Madrid, \u00a0Asociaci\u00f3n de la Prensa de Madrid,\u00a0Calle de Juan Bravo, 6 Victoria Anderica Caffarena will speak\u00a0at\u00a0the press conference organised by the\u00a0Universidad Aut\u00f3noma de Barcelona to present the results of the\u00a0Mapa Infoparticipa. This\u00a0project aims at evaluating the transparency of the local governments portals in\u00a06 comunidades aut\u00f3nomas: Catalu\u00f1a, Madrid, Andaluc\u00eda, Arag\u00f3n, Canarias and Galicia. The other\u00a0speakers will be Amparo Moreno Sard\u00e0,professo at\u00a0the UAB and director of the Laboratorio de Periodismo y Comunicaci\u00f3n para la Ciudadan\u00eda Plural (LPCCP), from where data for the\u00a0Mapa Infoparticipa are processed Marta Corcoy Rius\u00a0researcher of\u00a0the LPCCP Juan Lu\u00eds Manfredi S\u00e1nchez, professor of the Universidad de<\/p>\n","protected":false},"author":6,"featured_media":0,"comment_status":"closed","ping_status":"open","sticky":false,"template":"","format":"standard","meta":{"footnotes":""},"categories":[93],"tags":[],"class_list":["post-15576","post","type-post","status-publish","format-standard","hentry","category-events-es"],"_links":{"self":[{"href":"https:\/\/www.access-info.org\/es\/wp-json\/wp\/v2\/posts\/15576","targetHints":{"allow":["GET"]}}],"collection":[{"href":"https:\/\/www.access-info.org\/es\/wp-json\/wp\/v2\/posts"}],"about":[{"href":"https:\/\/www.access-info.org\/es\/wp-json\/wp\/v2\/types\/post"}],"author":[{"embeddable":true,"href":"https:\/\/www.access-info.org\/es\/wp-json\/wp\/v2\/users\/6"}],"replies":[{"embeddable":true,"href":"https:\/\/www.access-info.org\/es\/wp-json\/wp\/v2\/comments?post=15576"}],"version-history":[{"count":1,"href":"https:\/\/www.access-info.org\/es\/wp-json\/wp\/v2\/posts\/15576\/revisions"}],"predecessor-version":[{"id":15577,"href":"https:\/\/www.access-info.org\/es\/wp-json\/wp\/v2\/posts\/15576\/revisions\/15577"}],"wp:attachment":[{"href":"https:\/\/www.access-info.org\/es\/wp-json\/wp\/v2\/media?parent=15576"}],"wp:term":[{"taxonomy":"category","embeddable":true,"href":"https:\/\/www.access-info.org\/es\/wp-json\/wp\/v2\/categories?post=15576"},{"taxonomy":"post_tag","embeddable":true,"href":"https:\/\/www.access-info.org\/es\/wp-json\/wp\/v2\/tags?post=15576"}],"curies":[{"name":"wp","href":"https:\/\/api.w.org\/{rel}","templated":true}]}}