{"id":17276,"date":"2015-06-26T12:09:49","date_gmt":"2015-06-26T10:09:49","guid":{"rendered":"http:\/\/www.access-info.org\/?p=17276"},"modified":"2018-11-13T10:06:54","modified_gmt":"2018-11-13T09:06:54","slug":"victoria-anderica-queremos-crear-una-ordenanza-que-obligue-a-dar-la-maxima-informacion-2","status":"publish","type":"post","link":"https:\/\/www.access-info.org\/es\/2015-06-26\/victoria-anderica-queremos-crear-una-ordenanza-que-obligue-a-dar-la-maxima-informacion-2\/","title":{"rendered":"Victoria Anderica: \u00abQueremos crear una ordenanza que obligue a dar la m\u00e1xima informaci\u00f3n\u00bb"},"content":{"rendered":"<p><strong><a href=\"http:\/\/www.eldiario.es\/politica\/Victoria_Anderica-transparencia-Pablo_Soto-Ayuntamiento_de_Madrid_0_402810234.html\" target=\"_blank\">Eldiario.es<\/a><\/strong>\u00a0<strong>|<\/strong>\u00a026\/06\/2015<br \/>\n<i>Espa\u00f1ol<\/i>\u00a0\u2013\u00a0El Ayuntamiento de Madrid, liderado por Manuela Carmena, ha nombrado a la activista Victoria Anderica directora del proyecto de transparencia, dependiente de la Concejal\u00eda de Participaci\u00f3n Ciudadana, Transparencia y Gobierno Abierto, responsabilidad de Pablo Soto.<\/p>\n<p>Anderica, licenciada en Derecho y con un m\u00e1ster en Comunicaci\u00f3n, Cultura y Ciudadan\u00eda Digitales, ha trabajado durante cinco a\u00f1os en el proyecto <a class=\"mce\" href=\"http:\/\/www.access-info.org\/es\/\" target=\"_blank\">Access Info<\/a>, donde destaca su labor de lobby para la aprobaci\u00f3n de la <a class=\"mce\" href=\"http:\/\/www.eldiario.es\/temas\/ley_de_transparencia\/\" target=\"_blank\">ley de transparencia<\/a>\u00a0en Espa\u00f1a.<\/p>\n<p><a href=\"http:\/\/www.access-info.org\/wp-content\/uploads\/2015_06_26_eldiario_vicky.pdf\" target=\"_blank\">Leer m\u00e1s\u2026<\/a><\/p>\n","protected":false},"excerpt":{"rendered":"<p>Eldiario.es\u00a0|\u00a026\/06\/2015 Espa\u00f1ol\u00a0\u2013\u00a0El Ayuntamiento de Madrid, liderado por Manuela Carmena, ha nombrado a la activista Victoria Anderica directora del proyecto de transparencia, dependiente de la Concejal\u00eda de Participaci\u00f3n Ciudadana, Transparencia y Gobierno Abierto, responsabilidad de Pablo Soto. Anderica, licenciada en Derecho y con un m\u00e1ster en Comunicaci\u00f3n, Cultura y Ciudadan\u00eda Digitales, ha trabajado durante cinco a\u00f1os en el proyecto Access Info, donde destaca su labor de lobby para la aprobaci\u00f3n de la ley de transparencia\u00a0en Espa\u00f1a. Leer m\u00e1s\u2026<\/p>\n","protected":false},"author":6,"featured_media":0,"comment_status":"closed","ping_status":"open","sticky":false,"template":"","format":"standard","meta":{"footnotes":""},"categories":[88],"tags":[],"class_list":["post-17276","post","type-post","status-publish","format-standard","hentry","category-aieinthenews-es"],"_links":{"self":[{"href":"https:\/\/www.access-info.org\/es\/wp-json\/wp\/v2\/posts\/17276","targetHints":{"allow":["GET"]}}],"collection":[{"href":"https:\/\/www.access-info.org\/es\/wp-json\/wp\/v2\/posts"}],"about":[{"href":"https:\/\/www.access-info.org\/es\/wp-json\/wp\/v2\/types\/post"}],"author":[{"embeddable":true,"href":"https:\/\/www.access-info.org\/es\/wp-json\/wp\/v2\/users\/6"}],"replies":[{"embeddable":true,"href":"https:\/\/www.access-info.org\/es\/wp-json\/wp\/v2\/comments?post=17276"}],"version-history":[{"count":3,"href":"https:\/\/www.access-info.org\/es\/wp-json\/wp\/v2\/posts\/17276\/revisions"}],"predecessor-version":[{"id":22259,"href":"https:\/\/www.access-info.org\/es\/wp-json\/wp\/v2\/posts\/17276\/revisions\/22259"}],"wp:attachment":[{"href":"https:\/\/www.access-info.org\/es\/wp-json\/wp\/v2\/media?parent=17276"}],"wp:term":[{"taxonomy":"category","embeddable":true,"href":"https:\/\/www.access-info.org\/es\/wp-json\/wp\/v2\/categories?post=17276"},{"taxonomy":"post_tag","embeddable":true,"href":"https:\/\/www.access-info.org\/es\/wp-json\/wp\/v2\/tags?post=17276"}],"curies":[{"name":"wp","href":"https:\/\/api.w.org\/{rel}","templated":true}]}}