{"id":17971,"date":"2015-07-30T11:21:02","date_gmt":"2015-07-30T09:21:02","guid":{"rendered":"http:\/\/www.access-info.org\/sin-categorizar\/17971"},"modified":"2018-11-13T10:11:19","modified_gmt":"2018-11-13T09:11:19","slug":"el-defensor-del-pueblo-europeo-investiga-falta-de-transparencia-en-nombramientos-de-jueces","status":"publish","type":"post","link":"https:\/\/www.access-info.org\/es\/2015-07-30\/el-defensor-del-pueblo-europeo-investiga-falta-de-transparencia-en-nombramientos-de-jueces\/","title":{"rendered":"El Defensor del Pueblo europeo investiga &#8216;falta de transparencia&#8217; en nombramientos de jueces"},"content":{"rendered":"<p><a href=\"http:\/\/www.elboletin.com\/nacional\/120382\/defensor-pueblo-ue-acces-info.html\">El Boletin.com<\/a><strong>|<\/strong> 30\/07\/2015<em><br \/>\n<i>Spanish<\/i> \u2013 <\/em> <span class=\"texto_noticia\">La pasada semana, el <strong>Defensor del Pueblo Europeo<\/strong> pidi\u00f3 al Consejo de la Uni\u00f3n Europea que respondiera a las denuncias de dos plataformas pro-transparencia, <em>Access Info Europe<\/em> y la <em>Public Interest Clinic<\/em>, que reclamaron informaci\u00f3n sobre los <strong>procesos de selecci\u00f3n para el nombramiento de jueces en el Tribunal de Justicia de la Uni\u00f3n Europea<\/strong> (TJUE)<\/span><\/p>\n<p><a href=\"http:\/\/www.access-info.org\/wp-content\/uploads\/2015-elboletin-Defensor-pueblo-europeo-transparencia-jueces.pdf\">Read more&#8230;<\/a><\/p>\n","protected":false},"excerpt":{"rendered":"<p>El Boletin.com| 30\/07\/2015 Spanish \u2013 La pasada semana, el Defensor del Pueblo Europeo pidi\u00f3 al Consejo de la Uni\u00f3n Europea que respondiera a las denuncias de dos plataformas pro-transparencia, Access Info Europe y la Public Interest Clinic, que reclamaron informaci\u00f3n sobre los procesos de selecci\u00f3n para el nombramiento de jueces en el Tribunal de Justicia de la Uni\u00f3n Europea (TJUE) Read more&#8230;<\/p>\n","protected":false},"author":6,"featured_media":0,"comment_status":"closed","ping_status":"open","sticky":false,"template":"","format":"standard","meta":{"footnotes":""},"categories":[88],"tags":[],"class_list":["post-17971","post","type-post","status-publish","format-standard","hentry","category-aieinthenews-es"],"_links":{"self":[{"href":"https:\/\/www.access-info.org\/es\/wp-json\/wp\/v2\/posts\/17971","targetHints":{"allow":["GET"]}}],"collection":[{"href":"https:\/\/www.access-info.org\/es\/wp-json\/wp\/v2\/posts"}],"about":[{"href":"https:\/\/www.access-info.org\/es\/wp-json\/wp\/v2\/types\/post"}],"author":[{"embeddable":true,"href":"https:\/\/www.access-info.org\/es\/wp-json\/wp\/v2\/users\/6"}],"replies":[{"embeddable":true,"href":"https:\/\/www.access-info.org\/es\/wp-json\/wp\/v2\/comments?post=17971"}],"version-history":[{"count":4,"href":"https:\/\/www.access-info.org\/es\/wp-json\/wp\/v2\/posts\/17971\/revisions"}],"predecessor-version":[{"id":25936,"href":"https:\/\/www.access-info.org\/es\/wp-json\/wp\/v2\/posts\/17971\/revisions\/25936"}],"wp:attachment":[{"href":"https:\/\/www.access-info.org\/es\/wp-json\/wp\/v2\/media?parent=17971"}],"wp:term":[{"taxonomy":"category","embeddable":true,"href":"https:\/\/www.access-info.org\/es\/wp-json\/wp\/v2\/categories?post=17971"},{"taxonomy":"post_tag","embeddable":true,"href":"https:\/\/www.access-info.org\/es\/wp-json\/wp\/v2\/tags?post=17971"}],"curies":[{"name":"wp","href":"https:\/\/api.w.org\/{rel}","templated":true}]}}