{"id":18225,"date":"2015-08-04T11:37:54","date_gmt":"2015-08-04T09:37:54","guid":{"rendered":"http:\/\/www.access-info.org\/sin-categorizar\/18225"},"modified":"2018-11-13T10:11:17","modified_gmt":"2018-11-13T09:11:17","slug":"18221","status":"publish","type":"post","link":"https:\/\/www.access-info.org\/es\/2015-08-04\/18221\/","title":{"rendered":"Los nuevos Gobiernos de Madrid intentan ponerse las pilas en transparencia"},"content":{"rendered":"<p><a href=\"http:\/\/www.elconfidencial.com\/espana\/madrid\/2015-08-04\/ley-de-transparencia-comunidad-de-madrid-ayuntamiento-de-madrid_954486\/\">El Confidencial<\/a><strong>|<\/strong> 04\/08\/2015<em><br \/>\n<i>Spanish<\/i> \u2013 <\/em>Los Gobiernos del Ayuntamiento y de la Comunidad de Madrid parten de puntos distintos, pero coinciden al menos en una meta: darle la vuelta a los malos resultados hist\u00f3ricos en transparencia y buen gobierno. Cuando no se han cumplido todav\u00eda dos meses de trabajo de ambos Ejecutivos, ya se han anunciado y hasta ejecutado las primeras medidas, que tendr\u00e1n que solidificarse de cara a la entrada en vigor de la Ley de Transparencia, Acceso a la Informaci\u00f3n P\u00fablica y Buen Gobierno a escala local el pr\u00f3ximo 10 de diciembre. <\/em><\/p>\n<p><a href=\"http:\/\/www.access-info.org\/wp-content\/uploads\/2015-elconfidencial-nuevos-gobiernos-madrid-transparencia.pdf\">Read more&#8230;<\/a><\/p>\n","protected":false},"excerpt":{"rendered":"<p>El Confidencial| 04\/08\/2015 Spanish \u2013 Los Gobiernos del Ayuntamiento y de la Comunidad de Madrid parten de puntos distintos, pero coinciden al menos en una meta: darle la vuelta a los malos resultados hist\u00f3ricos en transparencia y buen gobierno. Cuando no se han cumplido todav\u00eda dos meses de trabajo de ambos Ejecutivos, ya se han anunciado y hasta ejecutado las primeras medidas, que tendr\u00e1n que solidificarse de cara a la entrada en vigor de la Ley de Transparencia, Acceso a la Informaci\u00f3n P\u00fablica y Buen Gobierno a escala local el pr\u00f3ximo 10 de diciembre. Read more&#8230;<\/p>\n","protected":false},"author":6,"featured_media":0,"comment_status":"closed","ping_status":"open","sticky":false,"template":"","format":"standard","meta":{"footnotes":""},"categories":[88],"tags":[],"class_list":["post-18225","post","type-post","status-publish","format-standard","hentry","category-aieinthenews-es"],"_links":{"self":[{"href":"https:\/\/www.access-info.org\/es\/wp-json\/wp\/v2\/posts\/18225","targetHints":{"allow":["GET"]}}],"collection":[{"href":"https:\/\/www.access-info.org\/es\/wp-json\/wp\/v2\/posts"}],"about":[{"href":"https:\/\/www.access-info.org\/es\/wp-json\/wp\/v2\/types\/post"}],"author":[{"embeddable":true,"href":"https:\/\/www.access-info.org\/es\/wp-json\/wp\/v2\/users\/6"}],"replies":[{"embeddable":true,"href":"https:\/\/www.access-info.org\/es\/wp-json\/wp\/v2\/comments?post=18225"}],"version-history":[{"count":9,"href":"https:\/\/www.access-info.org\/es\/wp-json\/wp\/v2\/posts\/18225\/revisions"}],"predecessor-version":[{"id":30778,"href":"https:\/\/www.access-info.org\/es\/wp-json\/wp\/v2\/posts\/18225\/revisions\/30778"}],"wp:attachment":[{"href":"https:\/\/www.access-info.org\/es\/wp-json\/wp\/v2\/media?parent=18225"}],"wp:term":[{"taxonomy":"category","embeddable":true,"href":"https:\/\/www.access-info.org\/es\/wp-json\/wp\/v2\/categories?post=18225"},{"taxonomy":"post_tag","embeddable":true,"href":"https:\/\/www.access-info.org\/es\/wp-json\/wp\/v2\/tags?post=18225"}],"curies":[{"name":"wp","href":"https:\/\/api.w.org\/{rel}","templated":true}]}}