{"id":18588,"date":"2015-08-18T11:52:33","date_gmt":"2015-08-18T09:52:33","guid":{"rendered":"http:\/\/www.access-info.org\/?p=18588"},"modified":"2018-11-13T10:11:16","modified_gmt":"2018-11-13T09:11:16","slug":"tenemos-un-deficit-democratico-muy-importante-en-el-sur-de-euripa-con-la-transparencia","status":"publish","type":"post","link":"https:\/\/www.access-info.org\/es\/2015-08-18\/tenemos-un-deficit-democratico-muy-importante-en-el-sur-de-euripa-con-la-transparencia\/","title":{"rendered":"\u00abTenemos un d\u00e9ficit democr\u00e1tico muy importante en el sur de Europa con la transparencia\u00bb"},"content":{"rendered":"<p><strong><a href=\"http:\/\/www.access-info.org\/wp-content\/uploads\/15_09_04_AquiEuropa_Helen.pdf\" target=\"_blank\">Aqu\u00edEuropa<\/a> |<\/strong> 18\/08\/2015<br \/>\n<em>Spanish<\/em> \u2013 Las negociaciones a puerta cerrada del TTIP son un ejemplo paradigm\u00e1tico de la falta de transparenica de las instituciones comunitarias, seg\u00fan explica Helen Darbishire, directora de Access-Info. Esta organizaci\u00f3n lucha por promover el acceso a la informaci\u00f3n en la UE, una asignatura pendiente para los pa\u00edses del sur, que en este sentido tienen \u00abun d\u00e9ficit democr\u00e1tico muy importante\u00bb.<\/p>\n<p><a href=\"http:\/\/www.access-info.org\/wp-content\/uploads\/15_09_04_AquiEuropa_Helen.pdf\" target=\"_blank\">Read more\u2026<\/a><\/p>\n","protected":false},"excerpt":{"rendered":"<p>Aqu\u00edEuropa | 18\/08\/2015 Spanish \u2013 Las negociaciones a puerta cerrada del TTIP son un ejemplo paradigm\u00e1tico de la falta de transparenica de las instituciones comunitarias, seg\u00fan explica Helen Darbishire, directora de Access-Info. Esta organizaci\u00f3n lucha por promover el acceso a la informaci\u00f3n en la UE, una asignatura pendiente para los pa\u00edses del sur, que en este sentido tienen \u00abun d\u00e9ficit democr\u00e1tico muy importante\u00bb. Read more\u2026<\/p>\n","protected":false},"author":6,"featured_media":0,"comment_status":"closed","ping_status":"open","sticky":false,"template":"","format":"standard","meta":{"footnotes":""},"categories":[153],"tags":[],"class_list":["post-18588","post","type-post","status-publish","format-standard","hentry","category-aieinthenews-2"],"_links":{"self":[{"href":"https:\/\/www.access-info.org\/es\/wp-json\/wp\/v2\/posts\/18588","targetHints":{"allow":["GET"]}}],"collection":[{"href":"https:\/\/www.access-info.org\/es\/wp-json\/wp\/v2\/posts"}],"about":[{"href":"https:\/\/www.access-info.org\/es\/wp-json\/wp\/v2\/types\/post"}],"author":[{"embeddable":true,"href":"https:\/\/www.access-info.org\/es\/wp-json\/wp\/v2\/users\/6"}],"replies":[{"embeddable":true,"href":"https:\/\/www.access-info.org\/es\/wp-json\/wp\/v2\/comments?post=18588"}],"version-history":[{"count":12,"href":"https:\/\/www.access-info.org\/es\/wp-json\/wp\/v2\/posts\/18588\/revisions"}],"predecessor-version":[{"id":22437,"href":"https:\/\/www.access-info.org\/es\/wp-json\/wp\/v2\/posts\/18588\/revisions\/22437"}],"wp:attachment":[{"href":"https:\/\/www.access-info.org\/es\/wp-json\/wp\/v2\/media?parent=18588"}],"wp:term":[{"taxonomy":"category","embeddable":true,"href":"https:\/\/www.access-info.org\/es\/wp-json\/wp\/v2\/categories?post=18588"},{"taxonomy":"post_tag","embeddable":true,"href":"https:\/\/www.access-info.org\/es\/wp-json\/wp\/v2\/tags?post=18588"}],"curies":[{"name":"wp","href":"https:\/\/api.w.org\/{rel}","templated":true}]}}