{"id":18717,"date":"2015-09-28T17:08:49","date_gmt":"2015-09-28T15:08:49","guid":{"rendered":"http:\/\/www.access-info.org\/?p=18717"},"modified":"2018-11-13T10:06:52","modified_gmt":"2018-11-13T09:06:52","slug":"la-coalicion-proacceso-pide-compromisos-politicos-a-favor-de-la-transparencia-en-el-dia-del-derecho-a-saber","status":"publish","type":"post","link":"https:\/\/www.access-info.org\/es\/2015-09-28\/la-coalicion-proacceso-pide-compromisos-politicos-a-favor-de-la-transparencia-en-el-dia-del-derecho-a-saber\/","title":{"rendered":"La Coalici\u00f3n ProAcceso pide compromisos pol\u00edticos a favor de la transparencia en el D\u00eda del Derecho a Saber"},"content":{"rendered":"<p><em>Madrid, 28 de septiembre de 2015<\/em> &#8211; Con motivo del D\u00eda Internacional del Derecho a Saber, la Coalici\u00f3n ProAcceso se ha dirigido hoy a las distintas fuerzas pol\u00edticas espa\u00f1olas por medio de <a href=\"http:\/\/www.access-info.org\/wp-content\/uploads\/CartaAbierta_CoalicionProacceso_28sept2015.pdf\" target=\"_blank\">una carta abierta<\/a> reclamando la adopci\u00f3n, de cara a las pr\u00f3ximas elecciones generales, de un firme compromiso con el derecho de acceso a la informaci\u00f3n en Espa\u00f1a y la transparencia de lo p\u00fablico.<\/p>\n<p>En su carta, la Coalici\u00f3n ha subrayado las graves carencias que sufre la actual Ley de Transparencia, Acceso a la Informaci\u00f3n y Buen Gobierno (LTAIBG) y ha reiterado &#8211; y pedido su adopci\u00f3n a trav\u00e9s de reformas en la ley &#8211; los 10 principios que lleva defendiendo desde el a\u00f1o 2006 y cuyo fin es lograr poner la LTAIBG en l\u00ednea con lo establecido por los est\u00e1ndares internacionales.<\/p>\n<p>Entre algunos de los principios de mayor urgencia cabe destacar:<\/p>\n<p><span style=\"color: #e3220e;\"><strong>\u00bb<\/strong><\/span> El <strong>reconocimiento del derecho de acceso a la informaci\u00f3n como un derecho fundamental<\/strong>; algo que pese a que no viene estipulado en la ley, s\u00ed ha sido reconocido en Espa\u00f1a por el Consejo General del Poder Judicial.<\/p>\n<p><span style=\"color: #e3220e;\"><strong>\u00bb<\/strong><\/span> La necesidad de <strong>aplicar el derecho de acceso a la informaci\u00f3n a toda la informaci\u00f3n<\/strong> elaborada, recibida o en posesi\u00f3n de las entidades p\u00fablicas, sin importar c\u00f3mo est\u00e9 almacenada; especialmente relevante dados los problemas detectados ante la aplicaci\u00f3n del art\u00edculo 18 de la ley que excluye del alcance de la misma todo documento clasificable como \u201cinformaci\u00f3n de car\u00e1cter auxiliar\u201d.<\/p>\n<p><span style=\"color: #e3220e;\"><strong>\u00bb<\/strong><\/span> La necesidad de <strong>un sistema de registro de solicitudes r\u00e1pido y sencillo<\/strong>; tambi\u00e9n a colaci\u00f3n de <a href=\"http:\/\/www.access-info.org\/es\/esp-es\/15451\" target=\"_blank\">las dificultades que han surgido<\/a> repetidamente a la hora de presentar solicitudes de acceso a la informaci\u00f3n a trav\u00e9s del portal de transparencia.<\/p>\n<p>Los 10 principios de la Coalici\u00f3n ProAcceso pueden leerse al completo <a href=\"http:\/\/www.access-info.org\/wp-content\/uploads\/Proacceso_Diez_Principios.pdf\" target=\"_blank\">aqu\u00ed<\/a>.<\/p>\n<p>En este sentido, viendo en las pr\u00f3ximas elecciones un escenario propicio para que las principales fuerzas pol\u00edticas incorporen en su agenda la transparencia y el derecho de acceso a la informaci\u00f3n como \u00e1reas de reforma prioritaria, la Coalici\u00f3n ha llamado a \u201c<em>velar por que se consolide el derecho a la informaci\u00f3n en Espa\u00f1a y a garantizar, tanto en materia legal como en la pr\u00e1ctica, unas instituciones transparentes y abiertas para una ciudadan\u00eda informada.<\/em>\u201d<\/p>\n<p>La carta abierta de la Coalici\u00f3n ProAcceso est\u00e1 disponible <a href=\"http:\/\/www.access-info.org\/wp-content\/uploads\/CartaAbierta_CoalicionProacceso_28sept2015.pdf\" target=\"_blank\">aqu\u00ed<\/a>.<\/p>\n<h3>Para m\u00e1s informaci\u00f3n, contactar con:<\/h3>\n<p><strong>Luisa Izuzquiza | <\/strong>Access Info Europe<br \/>\n<a href=\"http:\/\/www.access-info.org\/about-us\" target=\"_blank\">Manda un e-mail<\/a> o llama al +34 913 656 558<\/p>\n","protected":false},"excerpt":{"rendered":"<p>Madrid, 28 de septiembre de 2015 &#8211; Con motivo del D\u00eda Internacional del Derecho a Saber, la Coalici\u00f3n ProAcceso se ha dirigido hoy a las distintas fuerzas pol\u00edticas espa\u00f1olas por medio de una carta abierta reclamando la adopci\u00f3n, de cara a las pr\u00f3ximas elecciones generales, de un firme compromiso con el derecho de acceso a la informaci\u00f3n en Espa\u00f1a y la transparencia de lo p\u00fablico. En su carta, la Coalici\u00f3n ha subrayado las graves carencias que sufre la actual Ley de Transparencia, Acceso a la Informaci\u00f3n y Buen Gobierno (LTAIBG) y ha reiterado &#8211; y pedido su adopci\u00f3n a trav\u00e9s<\/p>\n","protected":false},"author":6,"featured_media":10975,"comment_status":"closed","ping_status":"open","sticky":false,"template":"","format":"standard","meta":{"footnotes":""},"categories":[83],"tags":[631,629,630],"class_list":["post-18717","post","type-post","status-publish","format-standard","has-post-thumbnail","hentry","category-esp-es","tag-carta-abierta","tag-coalicion-proacceso","tag-dia-del-derecho-a-saber"],"_links":{"self":[{"href":"https:\/\/www.access-info.org\/es\/wp-json\/wp\/v2\/posts\/18717","targetHints":{"allow":["GET"]}}],"collection":[{"href":"https:\/\/www.access-info.org\/es\/wp-json\/wp\/v2\/posts"}],"about":[{"href":"https:\/\/www.access-info.org\/es\/wp-json\/wp\/v2\/types\/post"}],"author":[{"embeddable":true,"href":"https:\/\/www.access-info.org\/es\/wp-json\/wp\/v2\/users\/6"}],"replies":[{"embeddable":true,"href":"https:\/\/www.access-info.org\/es\/wp-json\/wp\/v2\/comments?post=18717"}],"version-history":[{"count":3,"href":"https:\/\/www.access-info.org\/es\/wp-json\/wp\/v2\/posts\/18717\/revisions"}],"predecessor-version":[{"id":18720,"href":"https:\/\/www.access-info.org\/es\/wp-json\/wp\/v2\/posts\/18717\/revisions\/18720"}],"wp:featuredmedia":[{"embeddable":true,"href":"https:\/\/www.access-info.org\/es\/wp-json\/wp\/v2\/media\/10975"}],"wp:attachment":[{"href":"https:\/\/www.access-info.org\/es\/wp-json\/wp\/v2\/media?parent=18717"}],"wp:term":[{"taxonomy":"category","embeddable":true,"href":"https:\/\/www.access-info.org\/es\/wp-json\/wp\/v2\/categories?post=18717"},{"taxonomy":"post_tag","embeddable":true,"href":"https:\/\/www.access-info.org\/es\/wp-json\/wp\/v2\/tags?post=18717"}],"curies":[{"name":"wp","href":"https:\/\/api.w.org\/{rel}","templated":true}]}}