{"id":21063,"date":"2015-10-27T12:35:43","date_gmt":"2015-10-27T11:35:43","guid":{"rendered":"http:\/\/www.access-info.org\/?p=21063"},"modified":"2018-11-13T10:11:13","modified_gmt":"2018-11-13T09:11:13","slug":"clara-falta-de-voluntad-politica-en-el-informe-de-autoevaluacion-del-ii-plan-de-accion-de-espana-de-gobierno-abierto","status":"publish","type":"post","link":"https:\/\/www.access-info.org\/es\/2015-10-27\/clara-falta-de-voluntad-politica-en-el-informe-de-autoevaluacion-del-ii-plan-de-accion-de-espana-de-gobierno-abierto\/","title":{"rendered":"Clara falta de voluntad pol\u00edtica en el Informe de autoevaluaci\u00f3n del II Plan de Acci\u00f3n de Espa\u00f1a de Gobierno Abierto"},"content":{"rendered":"<p><i>Madrid, 27 de octubre 2015 &#8211; <\/i>Access Info Europe\u2013junto con la organizaci\u00f3n Reporteros sin Fronteras secci\u00f3n Espa\u00f1ola, miembro de la Coalici\u00f3n Pro Acceso\u2013 ha criticado duramente el informe de autoevaluaci\u00f3n del II Plan de Acci\u00f3n de Espa\u00f1a puesto que pone en evidencia la falta de voluntad pol\u00edtica por parte del Gobierno de Espa\u00f1a de aplicar de manera efectiva los compromisos y principios de la Alianza para el Gobierno Abierto (OGP por sus siglas en ingl\u00e9s).<\/p>\n<p>La cr\u00edtica se ha realizado como respuesta al proceso de consulta p\u00fablica abierto por el Gobierno a fin de recabar evaluaciones procedentes de la sociedad civil sobre del informe de autoevaluaci\u00f3n del plan presentado en 2014.<\/p>\n<p>La aportaci\u00f3n de Access Info se ha estructurado en torno a los siguientes ejes:<\/p>\n<p><span style=\"color: #e3220e;\"><strong>\u00bb<\/strong><\/span> En la actualidad, persisten los problemas detectados en el Portal de Transparencia, especialmente en un sistema de solicitud de informaci\u00f3n complejo y que desincentiva la participaci\u00f3n.<\/p>\n<p><span style=\"color: #e3220e;\"><strong>\u00bb<\/strong><\/span> De nuevo se considera gobierno abierto pol\u00edticas que nada tienen que ver con esta materia y se mantiene la confusi\u00f3n en cuanto a medidas de Gobierno Abierto y gobierno electr\u00f3nico.<\/p>\n<p><span style=\"color: #e3220e;\"><strong>\u00bb<\/strong><\/span> Por otro lado, un a\u00f1o y medio despu\u00e9s de la entrada en vigor de la Ley de Transparencia todav\u00eda no se ha aprobado el Reglamento de la misma.<\/p>\n<p><span style=\"color: #e3220e;\"><strong>\u00bb<\/strong><\/span> La evaluaci\u00f3n carece de indicadores espec\u00edficos, medibles y realistas, haciendo muy dif\u00edcil un correcto y adecuado seguimiento. Por ejemplo, el Gobierno no ha facilitado los datos desagregados sobre las solicitudes de acceso a informaci\u00f3n por tipos de respuestas, lo cual imposibilita un correcto seguimiento por parte de la sociedad civil.<\/p>\n<p><span style=\"color: #e3220e;\"><strong>\u00bb<\/strong><\/span> Finalmente, Access Info Europe ha querido subrayar el trabajo del Consejo de Transparencia y Buen Gobierno que est\u00e1 haciendo un esfuerzo por actuar como un organismo independiente defendiendo el derecho de acceso a informaci\u00f3n y dinamizando el debate sobre estos temas.<\/p>\n<p>Access Info ha finalizado sus comentarios haciendo un llamamiento al Gobierno para que el plan de acci\u00f3n que debe presentar en 2016 sea de mayor calidad y hable en mayor medida de mejorar el gobierno abierto en Espa\u00f1a, as\u00ed como una mejora en los sistemas y mecanismos de consulta p\u00fablica que permitan a la sociedad civil trabajar de forma efectiva con el gobierno en la consecuci\u00f3n de unos objetivos compartidos.<\/p>\n<p>Las conclusiones y cr\u00edticas que emanan de la autoevaluaci\u00f3n de plan de acci\u00f3n se han visto enmarcado en el contenido de <a href=\"http:\/\/www.access-info.org\/ogs\/18731\" target=\"_blank\">la queja formal que Access Info present\u00f3<\/a> este mes de octubre ante el Comit\u00e9 de seguimiento del OGP, en el que se critic\u00f3 la falta de informaci\u00f3n y mecanismos de participaci\u00f3n por parte del Gobierno en lo relativo al OGP.<\/p>\n<p>Puedes leer la aportaci\u00f3n de Acces Info a la consulta p\u00fablica aqu\u00ed. <a href=\"http:\/\/www.access-info.org\/wp-content\/uploads\/Comentarios_Autoevaluacion_IIPlan_OGP.pdf\" target=\"_blank\"><img decoding=\"async\" class=\"alignnone size-full wp-image-19662\" src=\"http:\/\/www.access-info.org\/wp-content\/uploads\/pdf_small.gif\" alt=\"pdf_small\" width=\"16\" height=\"16\" \/><\/a><br \/>\nPuedes leer el informe de Autoevaluaci\u00f3n del II plan de Gobierno Abierto <a href=\"http:\/\/www.mpr.gob.es\/documents\/c492-9364-iiplandeacci%C3%B3nopengovernmentpartnershipdef.pdf\" target=\"_blank\">aqu\u00ed<\/a>.<\/p>\n<h3>Para m\u00e1s informaci\u00f3n, contactar con:<\/h3>\n<p>Alba Guit\u00e9rrez | Access Info Europe<br \/>\n<a href=\"http:\/\/www.access-info.org\/about-us\">Env\u00eda un email<\/a> o llama al +34 913 656 558<\/p>\n","protected":false},"excerpt":{"rendered":"<p>Madrid, 27 de octubre 2015 &#8211; Access Info Europe\u2013junto con la organizaci\u00f3n Reporteros sin Fronteras secci\u00f3n Espa\u00f1ola, miembro de la Coalici\u00f3n Pro Acceso\u2013 ha criticado duramente el informe de autoevaluaci\u00f3n del II Plan de Acci\u00f3n de Espa\u00f1a puesto que pone en evidencia la falta de voluntad pol\u00edtica por parte del Gobierno de Espa\u00f1a de aplicar de manera efectiva los compromisos y principios de la Alianza para el Gobierno Abierto (OGP por sus siglas en ingl\u00e9s). La cr\u00edtica se ha realizado como respuesta al proceso de consulta p\u00fablica abierto por el Gobierno a fin de recabar evaluaciones procedentes de la sociedad<\/p>\n","protected":false},"author":6,"featured_media":21066,"comment_status":"closed","ping_status":"open","sticky":false,"template":"","format":"standard","meta":{"footnotes":""},"categories":[64,83],"tags":[],"class_list":["post-21063","post","type-post","status-publish","format-standard","has-post-thumbnail","hentry","category-frontpage-es","category-esp-es"],"_links":{"self":[{"href":"https:\/\/www.access-info.org\/es\/wp-json\/wp\/v2\/posts\/21063","targetHints":{"allow":["GET"]}}],"collection":[{"href":"https:\/\/www.access-info.org\/es\/wp-json\/wp\/v2\/posts"}],"about":[{"href":"https:\/\/www.access-info.org\/es\/wp-json\/wp\/v2\/types\/post"}],"author":[{"embeddable":true,"href":"https:\/\/www.access-info.org\/es\/wp-json\/wp\/v2\/users\/6"}],"replies":[{"embeddable":true,"href":"https:\/\/www.access-info.org\/es\/wp-json\/wp\/v2\/comments?post=21063"}],"version-history":[{"count":4,"href":"https:\/\/www.access-info.org\/es\/wp-json\/wp\/v2\/posts\/21063\/revisions"}],"predecessor-version":[{"id":21073,"href":"https:\/\/www.access-info.org\/es\/wp-json\/wp\/v2\/posts\/21063\/revisions\/21073"}],"wp:featuredmedia":[{"embeddable":true,"href":"https:\/\/www.access-info.org\/es\/wp-json\/wp\/v2\/media\/21066"}],"wp:attachment":[{"href":"https:\/\/www.access-info.org\/es\/wp-json\/wp\/v2\/media?parent=21063"}],"wp:term":[{"taxonomy":"category","embeddable":true,"href":"https:\/\/www.access-info.org\/es\/wp-json\/wp\/v2\/categories?post=21063"},{"taxonomy":"post_tag","embeddable":true,"href":"https:\/\/www.access-info.org\/es\/wp-json\/wp\/v2\/tags?post=21063"}],"curies":[{"name":"wp","href":"https:\/\/api.w.org\/{rel}","templated":true}]}}