{"id":21450,"date":"2015-11-24T17:03:00","date_gmt":"2015-11-24T16:03:00","guid":{"rendered":"http:\/\/www.access-info.org\/?p=21450"},"modified":"2018-11-13T10:04:36","modified_gmt":"2018-11-13T09:04:36","slug":"en-mexico-el-gobernante-buscara-hasta-el-ultimo-minuto-no-dar-informacion","status":"publish","type":"post","link":"https:\/\/www.access-info.org\/es\/2015-11-24\/en-mexico-el-gobernante-buscara-hasta-el-ultimo-minuto-no-dar-informacion\/","title":{"rendered":"\u201cEn M\u00e9xico, el gobernante buscar\u00e1 hasta el \u00faltimo minuto no dar informaci\u00f3n\u201d"},"content":{"rendered":"<p class=\"mce\"><strong><a href=\"http:\/\/www.compromisoempresarial.com\/transparencia-2\/rendicion-cuentas\/2015\/11\/en-mexico-el-gobernante-buscara-hasta-el-ultimo-minuto-no-dar-informacion\/\" target=\"_blank\">Compromiso Empresarial<\/a> |<\/strong> 24\/11\/2015<em><br \/>\n<i>Spanish<\/i> \u2013 <\/em>Durante los tres d\u00edas que dur\u00f3 este encuentro de m\u00e1s de 2.000 personas, el Distrito Federal mexicano se llen\u00f3 de ideas, proyectos y planes para los pr\u00f3ximos cuatro a\u00f1os con el fin de implementar los planes de acci\u00f3n para abrir los gobiernos de sus miembros a la sociedad.<\/p>\n<p><a href=\"http:\/\/www.access-info.org\/wp-content\/uploads\/15_11_24_CompromisoEmpresarial_Mexico.pdf\" target=\"_blank\">Read more&#8230;<\/a><\/p>\n","protected":false},"excerpt":{"rendered":"<p>Compromiso Empresarial | 24\/11\/2015 Spanish \u2013 Durante los tres d\u00edas que dur\u00f3 este encuentro de m\u00e1s de 2.000 personas, el Distrito Federal mexicano se llen\u00f3 de ideas, proyectos y planes para los pr\u00f3ximos cuatro a\u00f1os con el fin de implementar los planes de acci\u00f3n para abrir los gobiernos de sus miembros a la sociedad. Read more&#8230;<\/p>\n","protected":false},"author":6,"featured_media":0,"comment_status":"closed","ping_status":"closed","sticky":false,"template":"","format":"standard","meta":{"footnotes":""},"categories":[153],"tags":[],"class_list":["post-21450","post","type-post","status-publish","format-standard","hentry","category-aieinthenews-2"],"_links":{"self":[{"href":"https:\/\/www.access-info.org\/es\/wp-json\/wp\/v2\/posts\/21450","targetHints":{"allow":["GET"]}}],"collection":[{"href":"https:\/\/www.access-info.org\/es\/wp-json\/wp\/v2\/posts"}],"about":[{"href":"https:\/\/www.access-info.org\/es\/wp-json\/wp\/v2\/types\/post"}],"author":[{"embeddable":true,"href":"https:\/\/www.access-info.org\/es\/wp-json\/wp\/v2\/users\/6"}],"replies":[{"embeddable":true,"href":"https:\/\/www.access-info.org\/es\/wp-json\/wp\/v2\/comments?post=21450"}],"version-history":[{"count":1,"href":"https:\/\/www.access-info.org\/es\/wp-json\/wp\/v2\/posts\/21450\/revisions"}],"predecessor-version":[{"id":21453,"href":"https:\/\/www.access-info.org\/es\/wp-json\/wp\/v2\/posts\/21450\/revisions\/21453"}],"wp:attachment":[{"href":"https:\/\/www.access-info.org\/es\/wp-json\/wp\/v2\/media?parent=21450"}],"wp:term":[{"taxonomy":"category","embeddable":true,"href":"https:\/\/www.access-info.org\/es\/wp-json\/wp\/v2\/categories?post=21450"},{"taxonomy":"post_tag","embeddable":true,"href":"https:\/\/www.access-info.org\/es\/wp-json\/wp\/v2\/tags?post=21450"}],"curies":[{"name":"wp","href":"https:\/\/api.w.org\/{rel}","templated":true}]}}