{"id":22050,"date":"2016-03-08T12:42:42","date_gmt":"2016-03-08T11:42:42","guid":{"rendered":"http:\/\/www.access-info.org\/es\/?p=22050"},"modified":"2020-02-14T13:54:37","modified_gmt":"2020-02-14T12:54:37","slug":"los-invisibles-informe-infografico","status":"publish","type":"post","link":"https:\/\/www.access-info.org\/es\/2016-03-08\/los-invisibles-informe-infografico\/","title":{"rendered":"Los Invisibles: Informe Infogr\u00e1fico"},"content":{"rendered":"<h1 style=\"text-align: center;\">&#8216;Los Invisibles&#8217;: Informe Infogr\u00e1fico<\/h1>\n<p style=\"text-align: center;\">A continuaci\u00f3n encontrar\u00e1s una serie de infograf\u00edas que recogen los hallazgos y las recomendaciones del informe realizado por Access Info y the Global Detention Project.<br \/>\n<b><a href=\"http:\/\/www.access-info.org\/wp-content\/uploads\/DetentionReport_AIE_GDP_HighRes_17Dec15.pdf\" target=\"_blank\" rel=\"noopener noreferrer\">Los Invisibles: Detenci\u00f3n de Inmigrantes y Solicitantes de Asilo en Europa<\/a><\/b>.<\/p>\n<p style=\"text-align: center;\">No dudes en descargar y utilizar estas infograf\u00edas para lo que quieras &#8211; \u00a1tambi\u00e9n puedes compartirlas en las redes sociales!<\/p>\n<p style=\"text-align: center;\"><div class=\"fusion-fullwidth fullwidth-box fusion-builder-row-1 hundred-percent-fullwidth non-hundred-percent-height-scrolling\" style=\"--awb-border-radius-top-left:0px;--awb-border-radius-top-right:0px;--awb-border-radius-bottom-right:0px;--awb-border-radius-bottom-left:0px;--awb-overflow:visible;--awb-flex-wrap:wrap;\" ><div class=\"fusion-builder-row fusion-row\"><div class=\"fusion-layout-column fusion_builder_column fusion-builder-column-0 fusion_builder_column_1_2 1_2 fusion-one-half fusion-column-first\" style=\"--awb-bg-size:cover;width:50%;width:calc(50% - ( ( 4% ) * 0.5 ) );margin-right: 4%;\"><div class=\"fusion-column-wrapper fusion-flex-column-wrapper-legacy\">\n<div class=\"fusion-button-wrapper\"><a class=\"fusion-button button-flat button-large button-custom fusion-button-default button-1 fusion-button-default-span \" style=\"--button_accent_color:#365f91;--button_accent_hover_color:#e3220e;--button_border_hover_color:#e3220e;--button_border_width-top:2px;--button_border_width-right:2px;--button_border_width-bottom:2px;--button_border_width-left:2px;--button_gradient_top_color:#fff;--button_gradient_bottom_color:#fff;--button_gradient_top_color_hover:#fff;--button_gradient_bottom_color_hover:#fff;\" target=\"_blank\" rel=\"noopener noreferrer\" href=\"#InfogrFind\"><span class=\"fusion-button-text\">Hallazgos y Recomendaciones<\/span><\/a><\/div>\n<div class=\"fusion-clearfix\"><\/div><\/div><\/div>\n<div class=\"fusion-layout-column fusion_builder_column fusion-builder-column-1 fusion_builder_column_1_2 1_2 fusion-one-half fusion-column-last\" style=\"--awb-bg-size:cover;width:50%;width:calc(50% - ( ( 4% ) * 0.5 ) );\"><div class=\"fusion-column-wrapper fusion-flex-column-wrapper-legacy\">\n<div class=\"fusion-button-wrapper\"><a class=\"fusion-button button-flat button-large button-custom fusion-button-default button-2 fusion-button-default-span \" style=\"--button_accent_color:#365f91;--button_accent_hover_color:#e3220e;--button_border_hover_color:#e3220e;--button_border_width-top:2px;--button_border_width-right:2px;--button_border_width-bottom:2px;--button_border_width-left:2px;--button_gradient_top_color:#fff;--button_gradient_bottom_color:#fff;--button_gradient_top_color_hover:#fff;--button_gradient_bottom_color_hover:#fff;\" target=\"_blank\" rel=\"noopener noreferrer\" href=\"#InfogrSumm\"><span class=\"fusion-button-text\">Resumen del Informe<\/span><\/a><\/div>\n<div class=\"fusion-clearfix\"><\/div><\/div><\/div>\n<p style=\"text-align: center;\"><div class=\"fusion-layout-column fusion_builder_column fusion-builder-column-2 fusion_builder_column_1_1 1_1 fusion-one-full fusion-column-first fusion-column-last fusion-column-no-min-height\" style=\"--awb-bg-size:cover;--awb-margin-bottom:0px;\"><div class=\"fusion-column-wrapper fusion-flex-column-wrapper-legacy\"><div class=\"fusion-sep-clear\"><\/div><div class=\"fusion-separator fusion-full-width-sep\" style=\"margin-left: auto;margin-right: auto;margin-top:5px;margin-bottom:5px;width:100%;\"><div class=\"fusion-separator-border sep-double\" style=\"--awb-height:20px;--awb-amount:20px;border-color:#e0dede;border-top-width:1px;border-bottom-width:1px;\"><\/div><\/div><div class=\"fusion-sep-clear\"><\/div>\n<h2 id=\"InfogrFind\" style=\"text-align: center;\">Hallazgos y Recomendaciones del Informe<\/h2>\n<p style=\"text-align: center;\">Tambi\u00e9n puedes consultar y compartir estas infograf\u00edas pinchando<br \/>\n<a href=\"https:\/\/magic.piktochart.com\/output\/10997978-untitled-infographic\" target=\"_blank\" rel=\"noopener noreferrer\">aqu\u00ed<\/a>.<\/p>\n<p style=\"text-align: center;\"><div class=\"fusion-sep-clear\"><\/div><div class=\"fusion-separator fusion-full-width-sep\" style=\"margin-left: auto;margin-right: auto;margin-top:10px;margin-bottom:40px;width:100%;\"><div class=\"fusion-separator-border sep-double sep-solid\" style=\"--awb-height:20px;--awb-amount:20px;--awb-sep-color:#365f91;border-color:#365f91;border-top-width:1px;border-bottom-width:1px;\"><\/div><\/div><div class=\"fusion-sep-clear\"><\/div>\n<div class=\"fusion-clearfix\"><\/div><\/div><\/div><div class=\"fusion-layout-column fusion_builder_column fusion-builder-column-3 fusion_builder_column_1_2 1_2 fusion-one-half fusion-column-first\" style=\"--awb-bg-size:cover;width:50%;width:calc(50% - ( ( 4% ) * 0.5 ) );margin-right: 4%;\"><div class=\"fusion-column-wrapper fusion-flex-column-wrapper-legacy\">\n<h3 style=\"text-align: center;\">\u00bfQu\u00e9 pa\u00edses han revelado informaci\u00f3n\u00a0<span style=\"color: #e3220e;\">de los centros de detenci\u00f3n<span style=\"color: #000000;\">?<\/span><\/span><\/h3>\n<p style=\"text-align: center;\"><a href=\"http:\/\/www.access-info.org\/wp-content\/uploads\/paises-info-centro-detencion.png\" target=\"_blank\" rel=\"noopener noreferrer\"><img decoding=\"async\" class=\"alignnone wp-image-22063\" title=\"Pa\u00edses que han revelado informaci\u00f3n sobre los centros de detenci\u00f3n\" src=\"https:\/\/www.access-info.org\/wp-content\/uploads\/\/paises-info-centro-detencion-300x214.png\" alt=\"paises-info-centro-detencion\" width=\"527\" height=\"376\" srcset=\"https:\/\/www.access-info.org\/wp-content\/uploads\/paises-info-centro-detencion-300x214.png 300w, https:\/\/www.access-info.org\/wp-content\/uploads\/paises-info-centro-detencion-768x548.png 768w, https:\/\/www.access-info.org\/wp-content\/uploads\/paises-info-centro-detencion.png 798w\" sizes=\"(max-width: 527px) 100vw, 527px\" \/><\/a><\/p>\n<div class=\"fusion-clearfix\"><\/div><\/div><\/div>\n<div class=\"fusion-layout-column fusion_builder_column fusion-builder-column-4 fusion_builder_column_1_2 1_2 fusion-one-half fusion-column-last\" style=\"--awb-bg-size:cover;width:50%;width:calc(50% - ( ( 4% ) * 0.5 ) );\"><div class=\"fusion-column-wrapper fusion-flex-column-wrapper-legacy\">\n<h3 style=\"text-align: center;\">\u00bfQuienes han aportado el n\u00famero total de\u00a0<span style=\"color: #e3220e;\">personas detenidas<\/span>?<\/h3>\n<p style=\"text-align: center;\"><a href=\"http:\/\/www.access-info.org\/wp-content\/uploads\/paises-numero-detenidos.png\" target=\"_blank\" rel=\"noopener noreferrer\"><img decoding=\"async\" class=\"alignnone wp-image-22058\" src=\"https:\/\/www.access-info.org\/wp-content\/uploads\/\/paises-numero-detenidos-300x216.png\" alt=\"paises-numero-detenidos\" width=\"522\" height=\"376\" srcset=\"https:\/\/www.access-info.org\/wp-content\/uploads\/paises-numero-detenidos-300x216.png 300w, https:\/\/www.access-info.org\/wp-content\/uploads\/paises-numero-detenidos-768x553.png 768w, https:\/\/www.access-info.org\/wp-content\/uploads\/paises-numero-detenidos.png 798w\" sizes=\"(max-width: 522px) 100vw, 522px\" \/><\/a><\/p>\n<div class=\"fusion-clearfix\"><\/div><\/div><\/div>\n<p style=\"text-align: center;\"><div class=\"fusion-layout-column fusion_builder_column fusion-builder-column-5 fusion_builder_column_1_1 1_1 fusion-one-full fusion-column-first fusion-column-last fusion-column-no-min-height\" style=\"--awb-bg-size:cover;--awb-margin-bottom:0px;\"><div class=\"fusion-column-wrapper fusion-flex-column-wrapper-legacy\"><div class=\"fusion-sep-clear\"><\/div><div class=\"fusion-separator fusion-full-width-sep\" style=\"margin-left: auto;margin-right: auto;margin-top:5px;margin-bottom:5px;width:100%;\"><div class=\"fusion-separator-border sep-double\" style=\"--awb-height:20px;--awb-amount:20px;border-color:#e0dede;border-top-width:1px;border-bottom-width:1px;\"><\/div><\/div><div class=\"fusion-sep-clear\"><\/div>\n<div class=\"fusion-clearfix\"><\/div><\/div><\/div><div class=\"fusion-layout-column fusion_builder_column fusion-builder-column-6 fusion_builder_column_1_2 1_2 fusion-one-half fusion-column-first\" style=\"--awb-bg-size:cover;width:50%;width:calc(50% - ( ( 4% ) * 0.5 ) );margin-right: 4%;\"><div class=\"fusion-column-wrapper fusion-flex-column-wrapper-legacy\">\n<h3 style=\"text-align: center;\">\u00bfQuienes han divulgado <span style=\"color: #e3220e;\">la cifra de solicitantes de asilo<\/span> detenidos?<\/h3>\n<p style=\"text-align: center;\"><a href=\"http:\/\/www.access-info.org\/wp-content\/uploads\/paises-cifra-demandantes-asilo.png\" target=\"_blank\" rel=\"noopener noreferrer\"><img decoding=\"async\" class=\"alignnone wp-image-22052\" src=\"https:\/\/www.access-info.org\/wp-content\/uploads\/\/paises-cifra-demandantes-asilo-300x232.png\" alt=\"paises-cifra-demandantes-asilo\" width=\"487\" height=\"376\" srcset=\"https:\/\/www.access-info.org\/wp-content\/uploads\/paises-cifra-demandantes-asilo-180x138.png 180w, https:\/\/www.access-info.org\/wp-content\/uploads\/paises-cifra-demandantes-asilo-300x232.png 300w, https:\/\/www.access-info.org\/wp-content\/uploads\/paises-cifra-demandantes-asilo-768x593.png 768w, https:\/\/www.access-info.org\/wp-content\/uploads\/paises-cifra-demandantes-asilo.png 799w\" sizes=\"(max-width: 487px) 100vw, 487px\" \/><\/a><\/p>\n<div class=\"fusion-clearfix\"><\/div><\/div><\/div>\n<div class=\"fusion-layout-column fusion_builder_column fusion-builder-column-7 fusion_builder_column_1_2 1_2 fusion-one-half fusion-column-last\" style=\"--awb-bg-size:cover;width:50%;width:calc(50% - ( ( 4% ) * 0.5 ) );\"><div class=\"fusion-column-wrapper fusion-flex-column-wrapper-legacy\">\n<h3 style=\"text-align: center;\">\u00bfQuienes nos han proporcionado la cifra de <span style=\"color: #e3220e;\">menores detenidos<\/span>?<\/h3>\n<p style=\"text-align: center;\"><a href=\"http:\/\/www.access-info.org\/wp-content\/uploads\/paises-menores.png\" target=\"_blank\" rel=\"noopener noreferrer\"><img decoding=\"async\" class=\"alignnone wp-image-22054\" src=\"https:\/\/www.access-info.org\/wp-content\/uploads\/\/paises-menores-300x219.png\" alt=\"paises-menores\" width=\"516\" height=\"376\" srcset=\"https:\/\/www.access-info.org\/wp-content\/uploads\/paises-menores-220x161.png 220w, https:\/\/www.access-info.org\/wp-content\/uploads\/paises-menores-300x219.png 300w, https:\/\/www.access-info.org\/wp-content\/uploads\/paises-menores-768x560.png 768w, https:\/\/www.access-info.org\/wp-content\/uploads\/paises-menores.png 792w\" sizes=\"(max-width: 516px) 100vw, 516px\" \/><\/a><\/p>\n<div class=\"fusion-clearfix\"><\/div><\/div><\/div>\n<p style=\"text-align: center;\"><div class=\"fusion-layout-column fusion_builder_column fusion-builder-column-8 fusion_builder_column_1_1 1_1 fusion-one-full fusion-column-first fusion-column-last fusion-column-no-min-height\" style=\"--awb-bg-size:cover;--awb-margin-bottom:0px;\"><div class=\"fusion-column-wrapper fusion-flex-column-wrapper-legacy\"><div class=\"fusion-sep-clear\"><\/div><div class=\"fusion-separator fusion-full-width-sep\" style=\"margin-left: auto;margin-right: auto;margin-top:5px;margin-bottom:0px;width:100%;\"><div class=\"fusion-separator-border sep-double\" style=\"--awb-height:20px;--awb-amount:20px;border-color:#e0dede;border-top-width:1px;border-bottom-width:1px;\"><\/div><\/div><div class=\"fusion-sep-clear\"><\/div>\n<h3 style=\"text-align: center;\">\u00bfQui\u00e9nes pudieron aportar un desglose entre\u00a0los menores detenidos que llegaron\u00a0<span style=\"color: #e3220e;\">acompa\u00f1ados y los que no<\/span>?<\/h3>\n<p style=\"text-align: center;\"><a href=\"http:\/\/www.access-info.org\/wp-content\/uploads\/paises-menores-no-acompa\u00f1ados.png\" target=\"_blank\" rel=\"noopener noreferrer\"><img decoding=\"async\" class=\"alignnone wp-image-22056\" src=\"https:\/\/www.access-info.org\/wp-content\/uploads\/\/paises-menores-no-acompa\u00f1ados-300x218.png\" alt=\"paises-menores-no-acompa\u00f1ados\" width=\"518\" height=\"376\" srcset=\"https:\/\/www.access-info.org\/wp-content\/uploads\/paises-menores-no-acompa\u00f1ados-220x161.png 220w, https:\/\/www.access-info.org\/wp-content\/uploads\/paises-menores-no-acompa\u00f1ados-300x218.png 300w, https:\/\/www.access-info.org\/wp-content\/uploads\/paises-menores-no-acompa\u00f1ados-768x557.png 768w, https:\/\/www.access-info.org\/wp-content\/uploads\/paises-menores-no-acompa\u00f1ados.png 795w\" sizes=\"(max-width: 518px) 100vw, 518px\" \/><\/a><\/p>\n<p style=\"text-align: center;\"><div class=\"fusion-sep-clear\"><\/div><div class=\"fusion-separator fusion-full-width-sep\" style=\"margin-left: auto;margin-right: auto;margin-top:10px;margin-bottom:40px;width:100%;\"><div class=\"fusion-separator-border sep-double\" style=\"--awb-height:20px;--awb-amount:20px;border-color:#e0dede;border-top-width:1px;border-bottom-width:1px;\"><\/div><\/div><div class=\"fusion-sep-clear\"><\/div>\n<h2 id=\"InfogrSumm\" style=\"text-align: center;\">Resumen del Informe y Hallazgos Generales<\/h2>\n<p style=\"text-align: center;\">Tambi\u00e9n puedes consultar y compartir esta infograf\u00eda pinchando\u00a0<a href=\"https:\/\/magic.piktochart.com\/output\/10525356-detention-report-spanish\" target=\"_blank\" rel=\"noopener noreferrer\">aqu\u00ed<\/a>.<\/p>\n<p style=\"text-align: center;\"><div class=\"fusion-sep-clear\"><\/div><div class=\"fusion-separator fusion-full-width-sep\" style=\"margin-left: auto;margin-right: auto;margin-top:10px;margin-bottom:40px;width:100%;\"><div class=\"fusion-separator-border sep-double sep-solid\" style=\"--awb-height:20px;--awb-amount:20px;--awb-sep-color:#365f91;border-color:#365f91;border-top-width:1px;border-bottom-width:1px;\"><\/div><\/div><div class=\"fusion-sep-clear\"><\/div>\n<p style=\"text-align: center;\">&lt;<iframe style=\"overflow-y: hidden;\" src=\"https:\/\/magic.piktochart.com\/embed\/10525356-detention-report-spanish\" width=\"800\" height=\"1607\" frameborder=\"0\" scrolling=\"no\"><\/iframe><\/p>\n<div class=\"fusion-clearfix\"><\/div><\/div><\/div><\/div><\/div><\/p>\n","protected":false},"excerpt":{"rendered":"<p>&#8216;Los Invisibles&#8217;: Informe Infogr\u00e1fico A continuaci\u00f3n encontrar\u00e1s una serie de infograf\u00edas que recogen los hallazgos y las recomendaciones del informe realizado por Access Info y the Global Detention Project. Los Invisibles: Detenci\u00f3n de Inmigrantes y Solicitantes de Asilo en Europa. No dudes en descargar y utilizar estas infograf\u00edas para lo que quieras &#8211; \u00a1tambi\u00e9n puedes compartirlas en las redes sociales!<\/p>\n","protected":false},"author":6,"featured_media":0,"comment_status":"closed","ping_status":"closed","sticky":false,"template":"","format":"standard","meta":{"footnotes":""},"categories":[1080],"tags":[730,731,1073,732,733,735,734],"class_list":["post-22050","post","type-post","status-publish","format-standard","hentry","category-ref-es","tag-access-por-los-derechos","tag-derechos-humanos","tag-global-detention-project-es-2","tag-infografias","tag-inmigrantes","tag-los-invisibles","tag-refugiados"],"_links":{"self":[{"href":"https:\/\/www.access-info.org\/es\/wp-json\/wp\/v2\/posts\/22050","targetHints":{"allow":["GET"]}}],"collection":[{"href":"https:\/\/www.access-info.org\/es\/wp-json\/wp\/v2\/posts"}],"about":[{"href":"https:\/\/www.access-info.org\/es\/wp-json\/wp\/v2\/types\/post"}],"author":[{"embeddable":true,"href":"https:\/\/www.access-info.org\/es\/wp-json\/wp\/v2\/users\/6"}],"replies":[{"embeddable":true,"href":"https:\/\/www.access-info.org\/es\/wp-json\/wp\/v2\/comments?post=22050"}],"version-history":[{"count":11,"href":"https:\/\/www.access-info.org\/es\/wp-json\/wp\/v2\/posts\/22050\/revisions"}],"predecessor-version":[{"id":32764,"href":"https:\/\/www.access-info.org\/es\/wp-json\/wp\/v2\/posts\/22050\/revisions\/32764"}],"wp:attachment":[{"href":"https:\/\/www.access-info.org\/es\/wp-json\/wp\/v2\/media?parent=22050"}],"wp:term":[{"taxonomy":"category","embeddable":true,"href":"https:\/\/www.access-info.org\/es\/wp-json\/wp\/v2\/categories?post=22050"},{"taxonomy":"post_tag","embeddable":true,"href":"https:\/\/www.access-info.org\/es\/wp-json\/wp\/v2\/tags?post=22050"}],"curies":[{"name":"wp","href":"https:\/\/api.w.org\/{rel}","templated":true}]}}