{"id":22228,"date":"2015-12-27T12:19:19","date_gmt":"2015-12-27T11:19:19","guid":{"rendered":"http:\/\/www.access-info.org\/es\/?p=22228"},"modified":"2018-11-13T10:10:55","modified_gmt":"2018-11-13T09:10:55","slug":"el-dificil-camino-de-la-libertad-de-expresion","status":"publish","type":"post","link":"https:\/\/www.access-info.org\/es\/2015-12-27\/el-dificil-camino-de-la-libertad-de-expresion\/","title":{"rendered":"El dif\u00edcil camino de la libertad de expresi\u00f3n"},"content":{"rendered":"<p><strong><a href=\"http:\/\/www.laopiniondemalaga.es\/opinion\/2015\/12\/27\/dificil-camino-libertad-expresion\/817993.html\" target=\"_blank\">La opini\u00f3n de M\u00e1laga<\/a><\/strong> | 27\/12\/2015<br \/>\n<em>Espa\u00f1ol<\/em>\u2013 En el informe del Instituto Internacional de Prensa (IPI) sobre la libertad de prensa en Espa\u00f1a (junio 2015) se hace referencia a un documento publicado en marzo del presente a\u00f1o por el IPI, Access Info Europa, la Federaci\u00f3n Europea de Periodistas, y Reporteros Sin Fronteras Espa\u00f1a, en el que se identifican, entre otros, los siguientes problemas relacionados con la libertad de expresi\u00f3n en nuestro pa\u00eds:<\/p>\n<p><a href=\"http:\/\/www.access-info.org\/wp-content\/uploads\/16_12_27_OpinionMalaga_Libexpresion.pdf\" target=\"_blank\">Leer m\u00e1s\u2026<\/a><\/p>\n","protected":false},"excerpt":{"rendered":"<p>La opini\u00f3n de M\u00e1laga | 27\/12\/2015 Espa\u00f1ol\u2013 En el informe del Instituto Internacional de Prensa (IPI) sobre la libertad de prensa en Espa\u00f1a (junio 2015) se hace referencia a un documento publicado en marzo del presente a\u00f1o por el IPI, Access Info Europa, la Federaci\u00f3n Europea de Periodistas, y Reporteros Sin Fronteras Espa\u00f1a, en el que se identifican, entre otros, los siguientes problemas relacionados con la libertad de expresi\u00f3n en nuestro pa\u00eds: Leer m\u00e1s\u2026<\/p>\n","protected":false},"author":6,"featured_media":0,"comment_status":"closed","ping_status":"closed","sticky":false,"template":"","format":"standard","meta":{"footnotes":""},"categories":[88],"tags":[],"class_list":["post-22228","post","type-post","status-publish","format-standard","hentry","category-aieinthenews-es"],"_links":{"self":[{"href":"https:\/\/www.access-info.org\/es\/wp-json\/wp\/v2\/posts\/22228","targetHints":{"allow":["GET"]}}],"collection":[{"href":"https:\/\/www.access-info.org\/es\/wp-json\/wp\/v2\/posts"}],"about":[{"href":"https:\/\/www.access-info.org\/es\/wp-json\/wp\/v2\/types\/post"}],"author":[{"embeddable":true,"href":"https:\/\/www.access-info.org\/es\/wp-json\/wp\/v2\/users\/6"}],"replies":[{"embeddable":true,"href":"https:\/\/www.access-info.org\/es\/wp-json\/wp\/v2\/comments?post=22228"}],"version-history":[{"count":1,"href":"https:\/\/www.access-info.org\/es\/wp-json\/wp\/v2\/posts\/22228\/revisions"}],"predecessor-version":[{"id":22229,"href":"https:\/\/www.access-info.org\/es\/wp-json\/wp\/v2\/posts\/22228\/revisions\/22229"}],"wp:attachment":[{"href":"https:\/\/www.access-info.org\/es\/wp-json\/wp\/v2\/media?parent=22228"}],"wp:term":[{"taxonomy":"category","embeddable":true,"href":"https:\/\/www.access-info.org\/es\/wp-json\/wp\/v2\/categories?post=22228"},{"taxonomy":"post_tag","embeddable":true,"href":"https:\/\/www.access-info.org\/es\/wp-json\/wp\/v2\/tags?post=22228"}],"curies":[{"name":"wp","href":"https:\/\/api.w.org\/{rel}","templated":true}]}}