{"id":22374,"date":"2015-12-11T11:16:33","date_gmt":"2015-12-11T10:16:33","guid":{"rendered":"http:\/\/www.access-info.org\/es\/?p=22374"},"modified":"2018-11-13T10:10:56","modified_gmt":"2018-11-13T09:10:56","slug":"lucha-contra-la-corrupcion-pregunta-al-gobierno","status":"publish","type":"post","link":"https:\/\/www.access-info.org\/es\/2015-12-11\/lucha-contra-la-corrupcion-pregunta-al-gobierno\/","title":{"rendered":"Lucha contra la corrupci\u00f3n: pregunta al Gobierno"},"content":{"rendered":"<p><a href=\"http:\/\/www.elespanol.com\/opinion\/20151210\/85861416_12.html\" target=\"_blank\"><strong>El Espa\u00f1ol<\/strong> <\/a>| 11\/12\/2015<br \/>\n<em>Espa\u00f1ol<\/em>\u2013 Hace dos a\u00f1os, Espa\u00f1a era el \u00fanico pa\u00eds de la Uni\u00f3n Europa de m\u00e1s de un mill\u00f3n de habitantes que no contaba con una ley de transparencia. Es una norma b\u00e1sica de la democracia. Existe desde hace d\u00e9cadas en pa\u00edses de nuestro entorno y refuerza el sistema democr\u00e1tico, permite la rendici\u00f3n de cuentas y es un veh\u00edculo poderoso para luchar contra la corrupci\u00f3n.<\/p>\n<p><a href=\"http:\/\/www.access-info.org\/wp-content\/uploads\/15_12_11_Elespa%C3%B1ol_TDAS.pdf\" target=\"_blank\">Leer m\u00e1s&#8230;<\/a><\/p>\n","protected":false},"excerpt":{"rendered":"<p>El Espa\u00f1ol | 11\/12\/2015 Espa\u00f1ol\u2013 Hace dos a\u00f1os, Espa\u00f1a era el \u00fanico pa\u00eds de la Uni\u00f3n Europa de m\u00e1s de un mill\u00f3n de habitantes que no contaba con una ley de transparencia. Es una norma b\u00e1sica de la democracia. Existe desde hace d\u00e9cadas en pa\u00edses de nuestro entorno y refuerza el sistema democr\u00e1tico, permite la rendici\u00f3n de cuentas y es un veh\u00edculo poderoso para luchar contra la corrupci\u00f3n. Leer m\u00e1s&#8230;<\/p>\n","protected":false},"author":6,"featured_media":0,"comment_status":"closed","ping_status":"closed","sticky":false,"template":"","format":"standard","meta":{"footnotes":""},"categories":[88],"tags":[],"class_list":["post-22374","post","type-post","status-publish","format-standard","hentry","category-aieinthenews-es"],"_links":{"self":[{"href":"https:\/\/www.access-info.org\/es\/wp-json\/wp\/v2\/posts\/22374","targetHints":{"allow":["GET"]}}],"collection":[{"href":"https:\/\/www.access-info.org\/es\/wp-json\/wp\/v2\/posts"}],"about":[{"href":"https:\/\/www.access-info.org\/es\/wp-json\/wp\/v2\/types\/post"}],"author":[{"embeddable":true,"href":"https:\/\/www.access-info.org\/es\/wp-json\/wp\/v2\/users\/6"}],"replies":[{"embeddable":true,"href":"https:\/\/www.access-info.org\/es\/wp-json\/wp\/v2\/comments?post=22374"}],"version-history":[{"count":1,"href":"https:\/\/www.access-info.org\/es\/wp-json\/wp\/v2\/posts\/22374\/revisions"}],"predecessor-version":[{"id":22375,"href":"https:\/\/www.access-info.org\/es\/wp-json\/wp\/v2\/posts\/22374\/revisions\/22375"}],"wp:attachment":[{"href":"https:\/\/www.access-info.org\/es\/wp-json\/wp\/v2\/media?parent=22374"}],"wp:term":[{"taxonomy":"category","embeddable":true,"href":"https:\/\/www.access-info.org\/es\/wp-json\/wp\/v2\/categories?post=22374"},{"taxonomy":"post_tag","embeddable":true,"href":"https:\/\/www.access-info.org\/es\/wp-json\/wp\/v2\/tags?post=22374"}],"curies":[{"name":"wp","href":"https:\/\/api.w.org\/{rel}","templated":true}]}}