{"id":22420,"date":"2015-11-14T13:49:20","date_gmt":"2015-11-14T12:49:20","guid":{"rendered":"http:\/\/www.access-info.org\/es\/?p=22420"},"modified":"2018-11-13T10:10:58","modified_gmt":"2018-11-13T09:10:58","slug":"poletika","status":"publish","type":"post","link":"https:\/\/www.access-info.org\/es\/2015-11-14\/poletika\/","title":{"rendered":"Poletika"},"content":{"rendered":"<p><strong><a href=\"http:\/\/www.elperiodico.com\/es\/noticias\/opinion\/poletika-4669953\" target=\"_blank\">El Peri\u00f3dico<\/a><\/strong> | 14\/11\/2015<br \/>\n<em>Espa\u00f1ol<\/em>\u2013 Estos d\u00edas los partidos pol\u00edticos debaten internamente sus programas electorales y en unas semanas todos los presentar\u00e1n de manera oficial y los pondr\u00e1n por escrito. Falta algo m\u00e1s de un mes para las elecciones generales del 20 de diciembre y es una buena ocasi\u00f3n para que los ciudadanos nos convirtamos en sujetos activos. Es cierto que leer los programas no parece que sea lo m\u00e1s divertido del mundo, pero es una manera de saber si nos enga\u00f1an y si cumplen despu\u00e9s lo que prometen. Algo muy b\u00e1sico.<\/p>\n<p><a href=\"http:\/\/www.access-info.org\/wp-content\/uploads\/15_11_14_ElPeriodico_Poletika.pdf\" target=\"_blank\">Leer m\u00e1s&#8230;<\/a><\/p>\n","protected":false},"excerpt":{"rendered":"<p>El Peri\u00f3dico | 14\/11\/2015 Espa\u00f1ol\u2013 Estos d\u00edas los partidos pol\u00edticos debaten internamente sus programas electorales y en unas semanas todos los presentar\u00e1n de manera oficial y los pondr\u00e1n por escrito. Falta algo m\u00e1s de un mes para las elecciones generales del 20 de diciembre y es una buena ocasi\u00f3n para que los ciudadanos nos convirtamos en sujetos activos. Es cierto que leer los programas no parece que sea lo m\u00e1s divertido del mundo, pero es una manera de saber si nos enga\u00f1an y si cumplen despu\u00e9s lo que prometen. Algo muy b\u00e1sico. Leer m\u00e1s&#8230;<\/p>\n","protected":false},"author":6,"featured_media":0,"comment_status":"closed","ping_status":"closed","sticky":false,"template":"","format":"standard","meta":{"footnotes":""},"categories":[88],"tags":[],"class_list":["post-22420","post","type-post","status-publish","format-standard","hentry","category-aieinthenews-es"],"_links":{"self":[{"href":"https:\/\/www.access-info.org\/es\/wp-json\/wp\/v2\/posts\/22420","targetHints":{"allow":["GET"]}}],"collection":[{"href":"https:\/\/www.access-info.org\/es\/wp-json\/wp\/v2\/posts"}],"about":[{"href":"https:\/\/www.access-info.org\/es\/wp-json\/wp\/v2\/types\/post"}],"author":[{"embeddable":true,"href":"https:\/\/www.access-info.org\/es\/wp-json\/wp\/v2\/users\/6"}],"replies":[{"embeddable":true,"href":"https:\/\/www.access-info.org\/es\/wp-json\/wp\/v2\/comments?post=22420"}],"version-history":[{"count":1,"href":"https:\/\/www.access-info.org\/es\/wp-json\/wp\/v2\/posts\/22420\/revisions"}],"predecessor-version":[{"id":22421,"href":"https:\/\/www.access-info.org\/es\/wp-json\/wp\/v2\/posts\/22420\/revisions\/22421"}],"wp:attachment":[{"href":"https:\/\/www.access-info.org\/es\/wp-json\/wp\/v2\/media?parent=22420"}],"wp:term":[{"taxonomy":"category","embeddable":true,"href":"https:\/\/www.access-info.org\/es\/wp-json\/wp\/v2\/categories?post=22420"},{"taxonomy":"post_tag","embeddable":true,"href":"https:\/\/www.access-info.org\/es\/wp-json\/wp\/v2\/tags?post=22420"}],"curies":[{"name":"wp","href":"https:\/\/api.w.org\/{rel}","templated":true}]}}