{"id":22501,"date":"2015-06-22T13:17:23","date_gmt":"2015-06-22T11:17:23","guid":{"rendered":"http:\/\/www.access-info.org\/es\/?p=22501"},"modified":"2020-02-14T13:58:10","modified_gmt":"2020-02-14T12:58:10","slug":"transparencia-y-gobierno-abierto-realidades-y-aplicacion-practica","status":"publish","type":"post","link":"https:\/\/www.access-info.org\/es\/2015-06-22\/transparencia-y-gobierno-abierto-realidades-y-aplicacion-practica\/","title":{"rendered":"Transparencia y gobierno abierto: realidades y aplicaci\u00f3n pr\u00e1ctica"},"content":{"rendered":"<p><strong>Fecha:<\/strong><br \/>\n22-24 Junio 2015<br \/>\n<strong>Lugar:<\/strong><br \/>\nPen\u00ednsula de la Magdalena,\u00a0Santander<br \/>\n<!--more--><\/p>\n<p>La Universidad Internacional Men\u00e9ndez Pelayo organizar\u00e1 el curso de verano\u00a0<a href=\"http:\/\/uimp.es\/agenda-link.html?id_actividad=62K1&amp;anyaca=2015-16\" target=\"_blank\" rel=\"noopener noreferrer\"><strong class=\"texto-rojo\">Transparencia y gobierno abierto: realidades y aplicaci\u00f3n pr\u00e1ctica<\/strong><\/a>, del 22 al 24 junio como parte de\u00a0los Cursos de Verano of\u00a0La Magdalena.<\/p>\n<p>Este curso coordinado por <strong>Rafael Rubio<\/strong>, profesor de Derecho Constitucional, hablar\u00e1 de los asuntos clave de transparencia como el papel del Consejo de Transparencia y la mejora de los portales de transparencia en las diferentes administraciones.<\/p>\n<p>El curso incluye una parte te\u00f3rica, conferencias y mesas redondas, con la participaci\u00f3n de <strong>Jos\u00e9 Luis Ayll\u00f3n,<\/strong>\u00a0Secretario de Estado\u00a0de Relaciones con las Cortes y uno de los principales promotores de la Ley de Transparencia, que explicar\u00e1 c\u00f3mo se aprob\u00f3 esta ley y c\u00f3mo eval\u00faa el gobierno su pueta en ptr\u00e1ctica. Otros ponentes ser\u00e1n la investigadora <strong>Victoria Anderica\u00a0<\/strong>de Access Info Europe y el Letrado del Consejo General del Poder Judicial\u00a0<strong>Manuel Olmedo<\/strong>. El Secretario de Estado de Telecomunicaciones, <strong>V\u00edctor Calvo-Sotelo<\/strong>,realizar\u00e1 las observaciones finales.<\/p>\n<p>Adem\u00e1s, <strong class=\"texto-rojo\">Transparencia y gobierno abierto<\/strong> celebrar\u00e1 un taller sobre los datos en el periodismo, dirigido por <strong>Jes\u00fas Escudero,<\/strong>\u00a0jperiodista de elconfidential.com, que mostrar\u00e1 a los estudiantes las herramientas tecnol\u00f3gicas que los profesionales de prensa pueden utilizar para procesar el flujo actual de \u00absobreinformaci\u00f3n\u00bb y darle algo de sentido.<\/p>\n<p>La descripci\u00f3n completa del curso est\u00e1 disponible <a href=\"http:\/\/uimp.es\/gabinete-de-comunicacion\/actualidad-uimp\/la-transparencia-de-las-administraciones-eje-de-un-curso-en-la-uimp.html\" target=\"_blank\" rel=\"noopener noreferrer\">aqu\u00ed<\/a>.<br \/>\nLa informaci\u00f3n sobre la inscripci\u00f3n se encuentra disponible <a href=\"http:\/\/uimp.es\/agenda-link.html?id_actividad=62K1&amp;anyaca=2015-16\" target=\"_blank\" rel=\"noopener noreferrer\">aqu\u00ed<\/a>.<\/p>\n","protected":false},"excerpt":{"rendered":"<p>Fecha: 22-24 Junio 2015 Lugar: Pen\u00ednsula de la Magdalena,\u00a0Santander<\/p>\n","protected":false},"author":6,"featured_media":20800,"comment_status":"closed","ping_status":"open","sticky":false,"template":"","format":"standard","meta":{"footnotes":""},"categories":[93],"tags":[],"class_list":["post-22501","post","type-post","status-publish","format-standard","has-post-thumbnail","hentry","category-events-es"],"_links":{"self":[{"href":"https:\/\/www.access-info.org\/es\/wp-json\/wp\/v2\/posts\/22501","targetHints":{"allow":["GET"]}}],"collection":[{"href":"https:\/\/www.access-info.org\/es\/wp-json\/wp\/v2\/posts"}],"about":[{"href":"https:\/\/www.access-info.org\/es\/wp-json\/wp\/v2\/types\/post"}],"author":[{"embeddable":true,"href":"https:\/\/www.access-info.org\/es\/wp-json\/wp\/v2\/users\/6"}],"replies":[{"embeddable":true,"href":"https:\/\/www.access-info.org\/es\/wp-json\/wp\/v2\/comments?post=22501"}],"version-history":[{"count":3,"href":"https:\/\/www.access-info.org\/es\/wp-json\/wp\/v2\/posts\/22501\/revisions"}],"predecessor-version":[{"id":32775,"href":"https:\/\/www.access-info.org\/es\/wp-json\/wp\/v2\/posts\/22501\/revisions\/32775"}],"wp:featuredmedia":[{"embeddable":true,"href":"https:\/\/www.access-info.org\/es\/wp-json\/wp\/v2\/media\/20800"}],"wp:attachment":[{"href":"https:\/\/www.access-info.org\/es\/wp-json\/wp\/v2\/media?parent=22501"}],"wp:term":[{"taxonomy":"category","embeddable":true,"href":"https:\/\/www.access-info.org\/es\/wp-json\/wp\/v2\/categories?post=22501"},{"taxonomy":"post_tag","embeddable":true,"href":"https:\/\/www.access-info.org\/es\/wp-json\/wp\/v2\/tags?post=22501"}],"curies":[{"name":"wp","href":"https:\/\/api.w.org\/{rel}","templated":true}]}}