{"id":22594,"date":"2016-04-05T16:18:14","date_gmt":"2016-04-05T14:18:14","guid":{"rendered":"http:\/\/www.access-info.org\/es\/?p=22594"},"modified":"2018-11-13T10:10:49","modified_gmt":"2018-11-13T09:10:49","slug":"el-consejo-de-transparencia-tramitara-las-reclamaciones-sobre-el-acceso-a-la-informacion-publica-de-los-ciudadanos-de-ceuta","status":"publish","type":"post","link":"https:\/\/www.access-info.org\/es\/2016-04-05\/el-consejo-de-transparencia-tramitara-las-reclamaciones-sobre-el-acceso-a-la-informacion-publica-de-los-ciudadanos-de-ceuta\/","title":{"rendered":"El Consejo de Transparencia tramitar\u00e1 las reclamaciones sobre el acceso a la informaci\u00f3n p\u00fablica de los ciudadanos de Ceuta"},"content":{"rendered":"<p><a href=\"http:\/\/elfarodigital.es\/ceuta\/politica\/183567-el-consejo-de-transparencia-tramitara-las-reclamaciones-sobre-el-acceso-a-la-informacion-publica-de-los-ciudadanos-de-ceuta.html#\" target=\"_blank\"><strong>El Faro Digital<\/strong> <\/a>| 05\/04\/2016<br \/>\n<em>Espa\u00f1ol<\/em>&#8211; El Consejo de Transparencia y Buen Gobierno tramitar\u00e1 las reclamaciones que, relacionadas con el derecho a saber, presenten en su territorio y contra resoluciones del Gobierno de Ceuta sus ciudadanos.<\/p>\n<p><a href=\"http:\/\/www.access-info.org\/wp-content\/uploads\/elfarodigital_es_ceuta_politica_183567_el_consejo_de_transpa.pdf\" target=\"_blank\">Leer m\u00e1s&#8230;<\/a><\/p>\n","protected":false},"excerpt":{"rendered":"<p>El Faro Digital | 05\/04\/2016 Espa\u00f1ol&#8211; El Consejo de Transparencia y Buen Gobierno tramitar\u00e1 las reclamaciones que, relacionadas con el derecho a saber, presenten en su territorio y contra resoluciones del Gobierno de Ceuta sus ciudadanos. Leer m\u00e1s&#8230;<\/p>\n","protected":false},"author":6,"featured_media":0,"comment_status":"closed","ping_status":"closed","sticky":false,"template":"","format":"standard","meta":{"footnotes":""},"categories":[88],"tags":[],"class_list":["post-22594","post","type-post","status-publish","format-standard","hentry","category-aieinthenews-es"],"_links":{"self":[{"href":"https:\/\/www.access-info.org\/es\/wp-json\/wp\/v2\/posts\/22594","targetHints":{"allow":["GET"]}}],"collection":[{"href":"https:\/\/www.access-info.org\/es\/wp-json\/wp\/v2\/posts"}],"about":[{"href":"https:\/\/www.access-info.org\/es\/wp-json\/wp\/v2\/types\/post"}],"author":[{"embeddable":true,"href":"https:\/\/www.access-info.org\/es\/wp-json\/wp\/v2\/users\/6"}],"replies":[{"embeddable":true,"href":"https:\/\/www.access-info.org\/es\/wp-json\/wp\/v2\/comments?post=22594"}],"version-history":[{"count":1,"href":"https:\/\/www.access-info.org\/es\/wp-json\/wp\/v2\/posts\/22594\/revisions"}],"predecessor-version":[{"id":22595,"href":"https:\/\/www.access-info.org\/es\/wp-json\/wp\/v2\/posts\/22594\/revisions\/22595"}],"wp:attachment":[{"href":"https:\/\/www.access-info.org\/es\/wp-json\/wp\/v2\/media?parent=22594"}],"wp:term":[{"taxonomy":"category","embeddable":true,"href":"https:\/\/www.access-info.org\/es\/wp-json\/wp\/v2\/categories?post=22594"},{"taxonomy":"post_tag","embeddable":true,"href":"https:\/\/www.access-info.org\/es\/wp-json\/wp\/v2\/tags?post=22594"}],"curies":[{"name":"wp","href":"https:\/\/api.w.org\/{rel}","templated":true}]}}