{"id":22694,"date":"2016-04-18T13:32:49","date_gmt":"2016-04-18T11:32:49","guid":{"rendered":"http:\/\/www.access-info.org\/es\/?p=22694"},"modified":"2018-11-13T10:10:45","modified_gmt":"2018-11-13T09:10:45","slug":"transparencia-y-colegios-profesionales","status":"publish","type":"post","link":"https:\/\/www.access-info.org\/es\/2016-04-18\/transparencia-y-colegios-profesionales\/","title":{"rendered":"Transparencia y Colegios Profesionales"},"content":{"rendered":"<p><a href=\"https:\/\/issuu.com\/unionprofesional\/docs\/profesiones_n160\/5?e=1255099\/34989395\" target=\"_blank\"><strong>Profesiones<\/strong> <\/a>| 18\/04\/2016<br \/>\n<em>Espa\u00f1ol<\/em> &#8211; Alba Guti\u00e9rrez: La reciente Ley de Transparencia es una Ley de m\u00ednimos criticada ampliamente\u00a0por la sociedad civil. Sin embargo, se abre una gran oportunidad para que los Colegios y Consejos Profesionales, a los que la Ley aplica como entidades de derecho p\u00fablico que son, profundicen y avancen hacia una mayor transparencia sobre su funcionamiento y actuaci\u00f3n.<\/p>\n<p><a href=\"https:\/\/issuu.com\/unionprofesional\/docs\/profesiones_n160\/5?e=1255099\/34989395\" target=\"_blank\">Leer m\u00e1s&#8230;<\/a><\/p>\n","protected":false},"excerpt":{"rendered":"<p>Profesiones | 18\/04\/2016 Espa\u00f1ol &#8211; Alba Guti\u00e9rrez: La reciente Ley de Transparencia es una Ley de m\u00ednimos criticada ampliamente\u00a0por la sociedad civil. Sin embargo, se abre una gran oportunidad para que los Colegios y Consejos Profesionales, a los que la Ley aplica como entidades de derecho p\u00fablico que son, profundicen y avancen hacia una mayor transparencia sobre su funcionamiento y actuaci\u00f3n. Leer m\u00e1s&#8230;<\/p>\n","protected":false},"author":6,"featured_media":0,"comment_status":"closed","ping_status":"closed","sticky":false,"template":"","format":"standard","meta":{"footnotes":""},"categories":[88],"tags":[],"class_list":["post-22694","post","type-post","status-publish","format-standard","hentry","category-aieinthenews-es"],"_links":{"self":[{"href":"https:\/\/www.access-info.org\/es\/wp-json\/wp\/v2\/posts\/22694","targetHints":{"allow":["GET"]}}],"collection":[{"href":"https:\/\/www.access-info.org\/es\/wp-json\/wp\/v2\/posts"}],"about":[{"href":"https:\/\/www.access-info.org\/es\/wp-json\/wp\/v2\/types\/post"}],"author":[{"embeddable":true,"href":"https:\/\/www.access-info.org\/es\/wp-json\/wp\/v2\/users\/6"}],"replies":[{"embeddable":true,"href":"https:\/\/www.access-info.org\/es\/wp-json\/wp\/v2\/comments?post=22694"}],"version-history":[{"count":1,"href":"https:\/\/www.access-info.org\/es\/wp-json\/wp\/v2\/posts\/22694\/revisions"}],"predecessor-version":[{"id":22695,"href":"https:\/\/www.access-info.org\/es\/wp-json\/wp\/v2\/posts\/22694\/revisions\/22695"}],"wp:attachment":[{"href":"https:\/\/www.access-info.org\/es\/wp-json\/wp\/v2\/media?parent=22694"}],"wp:term":[{"taxonomy":"category","embeddable":true,"href":"https:\/\/www.access-info.org\/es\/wp-json\/wp\/v2\/categories?post=22694"},{"taxonomy":"post_tag","embeddable":true,"href":"https:\/\/www.access-info.org\/es\/wp-json\/wp\/v2\/tags?post=22694"}],"curies":[{"name":"wp","href":"https:\/\/api.w.org\/{rel}","templated":true}]}}