{"id":23135,"date":"2016-06-01T12:06:40","date_gmt":"2016-06-01T10:06:40","guid":{"rendered":"http:\/\/www.access-info.org\/es\/?p=23135"},"modified":"2020-02-14T13:53:35","modified_gmt":"2020-02-14T12:53:35","slug":"campo-de-transparencia-europa","status":"publish","type":"post","link":"https:\/\/www.access-info.org\/es\/2016-06-01\/campo-de-transparencia-europa\/","title":{"rendered":"Primer Campo de Transparencia en Europa"},"content":{"rendered":"<p><strong>Fecha:<\/strong><br \/>\n1 Junio, 2016<br \/>\n<strong>Lugar:<\/strong><br \/>\nAmsterdam<!--more--><\/p>\n<p>Andreas Pavlou prensent\u00f3 una sesi\u00f3n en el primer Campo de Transparencia de Europa (TransparencyCamp), organizado en Amsterdam por la Open State Foundation y la Presidencia del Consejo de la Uni\u00f3n Europea. Este campo de transparencia se centr\u00f3 en open data, las nuevas tecnolog\u00edas y las pol\u00edticas que hacen que la UE trabaje para la gente, estimulando el gobierno abierto y ayudando a los ciudadanos a entender el trabajo de varias instituciones de la UE. La sesi\u00f3n liderada por Andreas se centr\u00f3 en el proceso de presentaci\u00f3n de solicitudes y sus retos.<br \/>\nAndreas tambi\u00e9n present\u00f3 AsktheEU.org.<\/p>\n<p>Los participantes compartieron su experiencia sobre nuevas tecnolog\u00edas y pol\u00edticas de gobierno para la estimulaci\u00f3n de un gobierno abierto. Programadores, legisladores, periodistas, diplom\u00e1ticos, tecn\u00f3logos, estudiantes, funcionarios del gobierno y el p\u00fablico en general se unieron para formular ideas compartidas, conocimientos, buenas pr\u00e1cticas y medidas innovadoras sobre el uso de la tecnolog\u00eda para hacer a los gobiernos m\u00e1s transparentes e inclusivos. <\/p>\n<p>Puedes encontrar m\u00e1s informaci\u00f3n sobre la conferencia <a href=\"https:\/\/transparencycamp.eu\/unconference\/#info\" target=\"_blank\" rel=\"noopener noreferrer\">aqu\u00ed<\/a> (en ingl\u00e9s).<\/p>\n","protected":false},"excerpt":{"rendered":"<p>Fecha: 1 Junio, 2016 Lugar: Amsterdam<\/p>\n","protected":false},"author":6,"featured_media":0,"comment_status":"closed","ping_status":"closed","sticky":false,"template":"","format":"standard","meta":{"footnotes":""},"categories":[93],"tags":[],"class_list":["post-23135","post","type-post","status-publish","format-standard","hentry","category-events-es"],"_links":{"self":[{"href":"https:\/\/www.access-info.org\/es\/wp-json\/wp\/v2\/posts\/23135","targetHints":{"allow":["GET"]}}],"collection":[{"href":"https:\/\/www.access-info.org\/es\/wp-json\/wp\/v2\/posts"}],"about":[{"href":"https:\/\/www.access-info.org\/es\/wp-json\/wp\/v2\/types\/post"}],"author":[{"embeddable":true,"href":"https:\/\/www.access-info.org\/es\/wp-json\/wp\/v2\/users\/6"}],"replies":[{"embeddable":true,"href":"https:\/\/www.access-info.org\/es\/wp-json\/wp\/v2\/comments?post=23135"}],"version-history":[{"count":5,"href":"https:\/\/www.access-info.org\/es\/wp-json\/wp\/v2\/posts\/23135\/revisions"}],"predecessor-version":[{"id":32757,"href":"https:\/\/www.access-info.org\/es\/wp-json\/wp\/v2\/posts\/23135\/revisions\/32757"}],"wp:attachment":[{"href":"https:\/\/www.access-info.org\/es\/wp-json\/wp\/v2\/media?parent=23135"}],"wp:term":[{"taxonomy":"category","embeddable":true,"href":"https:\/\/www.access-info.org\/es\/wp-json\/wp\/v2\/categories?post=23135"},{"taxonomy":"post_tag","embeddable":true,"href":"https:\/\/www.access-info.org\/es\/wp-json\/wp\/v2\/tags?post=23135"}],"curies":[{"name":"wp","href":"https:\/\/api.w.org\/{rel}","templated":true}]}}