{"id":23577,"date":"2016-06-23T11:06:07","date_gmt":"2016-06-23T09:06:07","guid":{"rendered":"http:\/\/www.access-info.org\/es\/?p=23577"},"modified":"2020-02-14T13:53:21","modified_gmt":"2020-02-14T12:53:21","slug":"la-transparencia-no-es-una-moda-es-un-derecho-fundamental","status":"publish","type":"post","link":"https:\/\/www.access-info.org\/es\/2016-06-23\/la-transparencia-no-es-una-moda-es-un-derecho-fundamental\/","title":{"rendered":"La transparencia no es una moda, es un derecho fundamental"},"content":{"rendered":"<p><strong><a href=\"http:\/\/www.eldiario.es\/desigualdadblog\/ley_de_transparencia-acceso_a_la_informacion-programas_electorales-derechos_fundamentales_6_529907016.html\" target=\"_blank\" rel=\"noopener noreferrer\">El Diario.es<\/a><\/strong> | 23\/06\/2016<br \/>\n<em>Espa\u00f1ol<\/em>&#8211; Los programas electorales del Partido Popular, Partido Socialista, Podemos, Ciudadanos e Izquierda Unida son poco ambiciosos en participaci\u00f3n y transparencia. Y lo que es a\u00fan m\u00e1s preocupante: han desaparecido compromisos clave respecto a sus propuestas presentadas en las elecciones de diciembre de 2015.<\/p>\n<p><a href=\"https:\/\/www.access-info.org\/wp-content\/uploads\/www_eldiario_es_desigualdadblog_ley_de_transparencia_acceso.pdf\" target=\"_blank\" rel=\"noopener noreferrer\">Leer m\u00e1s&#8230;<\/a><\/p>\n","protected":false},"excerpt":{"rendered":"<p>El Diario.es | 23\/06\/2016 Espa\u00f1ol&#8211; Los programas electorales del Partido Popular, Partido Socialista, Podemos, Ciudadanos e Izquierda Unida son poco ambiciosos en participaci\u00f3n y transparencia. Y lo que es a\u00fan m\u00e1s preocupante: han desaparecido compromisos clave respecto a sus propuestas presentadas en las elecciones de diciembre de 2015. Leer m\u00e1s&#8230;<\/p>\n","protected":false},"author":6,"featured_media":0,"comment_status":"closed","ping_status":"closed","sticky":false,"template":"","format":"standard","meta":{"footnotes":""},"categories":[88],"tags":[],"class_list":["post-23577","post","type-post","status-publish","format-standard","hentry","category-aieinthenews-es"],"_links":{"self":[{"href":"https:\/\/www.access-info.org\/es\/wp-json\/wp\/v2\/posts\/23577","targetHints":{"allow":["GET"]}}],"collection":[{"href":"https:\/\/www.access-info.org\/es\/wp-json\/wp\/v2\/posts"}],"about":[{"href":"https:\/\/www.access-info.org\/es\/wp-json\/wp\/v2\/types\/post"}],"author":[{"embeddable":true,"href":"https:\/\/www.access-info.org\/es\/wp-json\/wp\/v2\/users\/6"}],"replies":[{"embeddable":true,"href":"https:\/\/www.access-info.org\/es\/wp-json\/wp\/v2\/comments?post=23577"}],"version-history":[{"count":3,"href":"https:\/\/www.access-info.org\/es\/wp-json\/wp\/v2\/posts\/23577\/revisions"}],"predecessor-version":[{"id":32755,"href":"https:\/\/www.access-info.org\/es\/wp-json\/wp\/v2\/posts\/23577\/revisions\/32755"}],"wp:attachment":[{"href":"https:\/\/www.access-info.org\/es\/wp-json\/wp\/v2\/media?parent=23577"}],"wp:term":[{"taxonomy":"category","embeddable":true,"href":"https:\/\/www.access-info.org\/es\/wp-json\/wp\/v2\/categories?post=23577"},{"taxonomy":"post_tag","embeddable":true,"href":"https:\/\/www.access-info.org\/es\/wp-json\/wp\/v2\/tags?post=23577"}],"curies":[{"name":"wp","href":"https:\/\/api.w.org\/{rel}","templated":true}]}}