{"id":26558,"date":"2016-10-14T11:23:17","date_gmt":"2016-10-14T09:23:17","guid":{"rendered":"https:\/\/www.access-info.org\/es\/?p=26558"},"modified":"2018-11-13T10:10:34","modified_gmt":"2018-11-13T09:10:34","slug":"28-de-septiembre-historia-de-un-gran-dia","status":"publish","type":"post","link":"https:\/\/www.access-info.org\/es\/2016-10-14\/28-de-septiembre-historia-de-un-gran-dia\/","title":{"rendered":"28 de septiembre: historia de un gran d\u00eda"},"content":{"rendered":"<p><a href=\"http:\/\/www.huffingtonpost.es\/esther-arizmendi\/28-de-septiembre-historia_b_12429282.html?ncid=engmodushpmg00000004\"; target=\"_blank\"><strong>El Huffington Post<\/a><\/strong> |14\/10\/2016<br \/>\n<em>Espa\u00f1ol<\/em> &#8211; \u00abTodo hombre, por naturaleza, desea saber\u00bb, ya lo dec\u00eda Arist\u00f3teles y es lo que nos distingue a los humanos de los dem\u00e1s seres. Queremos saber. Y saber m\u00e1s en materia p\u00fablica nos ha hecho avanzar por fin como lo hicieron antes nuestros vecinos europeos, dot\u00e1ndonos de un derecho al que aspiramos muchos a\u00f1os. Un derecho ya reconocido incluso por Naciones Unidas en un D\u00eda Internacional del Derecho a Saber.<\/p>\n<p><a href=\"https:\/\/www.access-info.org\/wp-content\/uploads\/www_huffingtonpost_es_esther_arizmendi_28_de_septiembre_hist.pdf\"; target=\"_blank\">Leer m\u00e1s&#8230;<\/a><\/p>\n","protected":false},"excerpt":{"rendered":"<p>El Huffington Post |14\/10\/2016 Espa\u00f1ol &#8211; \u00abTodo hombre, por naturaleza, desea saber\u00bb, ya lo dec\u00eda Arist\u00f3teles y es lo que nos distingue a los humanos de los dem\u00e1s seres. Queremos saber. Y saber m\u00e1s en materia p\u00fablica nos ha hecho avanzar por fin como lo hicieron antes nuestros vecinos europeos, dot\u00e1ndonos de un derecho al que aspiramos muchos a\u00f1os. Un derecho ya reconocido incluso por Naciones Unidas en un D\u00eda Internacional del Derecho a Saber. Leer m\u00e1s&#8230;<\/p>\n","protected":false},"author":6,"featured_media":0,"comment_status":"closed","ping_status":"closed","sticky":false,"template":"","format":"standard","meta":{"footnotes":""},"categories":[88],"tags":[],"class_list":["post-26558","post","type-post","status-publish","format-standard","hentry","category-aieinthenews-es"],"_links":{"self":[{"href":"https:\/\/www.access-info.org\/es\/wp-json\/wp\/v2\/posts\/26558","targetHints":{"allow":["GET"]}}],"collection":[{"href":"https:\/\/www.access-info.org\/es\/wp-json\/wp\/v2\/posts"}],"about":[{"href":"https:\/\/www.access-info.org\/es\/wp-json\/wp\/v2\/types\/post"}],"author":[{"embeddable":true,"href":"https:\/\/www.access-info.org\/es\/wp-json\/wp\/v2\/users\/6"}],"replies":[{"embeddable":true,"href":"https:\/\/www.access-info.org\/es\/wp-json\/wp\/v2\/comments?post=26558"}],"version-history":[{"count":1,"href":"https:\/\/www.access-info.org\/es\/wp-json\/wp\/v2\/posts\/26558\/revisions"}],"predecessor-version":[{"id":26561,"href":"https:\/\/www.access-info.org\/es\/wp-json\/wp\/v2\/posts\/26558\/revisions\/26561"}],"wp:attachment":[{"href":"https:\/\/www.access-info.org\/es\/wp-json\/wp\/v2\/media?parent=26558"}],"wp:term":[{"taxonomy":"category","embeddable":true,"href":"https:\/\/www.access-info.org\/es\/wp-json\/wp\/v2\/categories?post=26558"},{"taxonomy":"post_tag","embeddable":true,"href":"https:\/\/www.access-info.org\/es\/wp-json\/wp\/v2\/tags?post=26558"}],"curies":[{"name":"wp","href":"https:\/\/api.w.org\/{rel}","templated":true}]}}