{"id":27130,"date":"2016-12-10T11:40:37","date_gmt":"2016-12-10T10:40:37","guid":{"rendered":"https:\/\/www.access-info.org\/es\/?p=27130"},"modified":"2020-02-14T13:50:11","modified_gmt":"2020-02-14T12:50:11","slug":"mesa-redonda-sobre-libertad-de-informacion-y-open-data","status":"publish","type":"post","link":"https:\/\/www.access-info.org\/es\/2016-12-10\/mesa-redonda-sobre-libertad-de-informacion-y-open-data\/","title":{"rendered":"Mesa Redonda sobre Libertad de Informaci\u00f3n y Open Data"},"content":{"rendered":"<p><strong>Fecha:<\/strong><br \/>\n12 diciembre 2016, a las 11.30<br \/>\n<strong>Lugar:<\/strong><br \/>\nViena, Austria<!--more--><\/p>\n<p>Helen Darbishire, Directora Ejecutiva de Access Info Europe, participar\u00e1 en una mesa redonda sobre la Libertad de Informaci\u00f3n y Open Data celebrada en el marco de la Conferencia titulada <strong><em>Conference on Access to information: Measuring Progress 250 Years On<\/em><\/strong>, que tendr\u00e1 lugar el pr\u00f3ximo 12 de diciembre en Viena. Este evento est\u00e1 organizado por la Oficina del Representante de la OSCE para la Libertad de los Medios de Comunicaci\u00f3n. <\/p>\n<p>La Conferencia reunir\u00e1 a unos 120 participantes procedentes de distintos \u00e1mbitos, entre otros, instituciones gubernamientales, medios de comunicaci\u00f3n,  el mundo acad\u00e9mico y organizaciones jur\u00eddicas internacionales. Durante las charlas se debatir\u00e1 sobre la importancia del acceso a la informaci\u00f3n, el papel que \u00e9ste juega en la apertura y transparencia en nuestras sociedades, las lecciones aprendidas por parte de los Estados participantes en la defensa de este derecho humano b\u00e1sico y los retos a los que se enfrenta en el futuro.<\/p>\n<p>La intervenci\u00f3n de Helen Darbishire se centrar\u00e1 en hablar sobre el open data y debatir hasta qu\u00e9 punto las leyes de Acceso a la Informaci\u00f3n tradicionales se han visto reemplazadas o han perdido importancia debido a la gran cantidad de datos que se publican de manera proactiva hoy en d\u00eda.  <\/p>\n<p>Otros particpantes en la mesa redonda son:<\/p>\n<ul style=\"list-style-type: disc;\">\n<li>Mate Szab\u00f3, Director de Programas, Hungarian Civil Liberties Union, Budapest<\/li>\n<li>Dave Banisar, Consejero Legal Principal, Article 19, Londres<\/li>\n<li>Andrey Rikhter (Moderador), Asesor Principal, Oficina del Representante de la OSCE para la Libertad de los Medios de Comunicaci\u00f3n.<\/li>\n<\/ul>\n<p>Puedes encontrar m\u00e1s informaci\u00f3n y el programa de la Conferencia en el siguiente enlace:  <a href=\"https:\/\/www.access-info.org\/wp-content\/uploads\/Conference-Vienna-12Dec-2016.pdf\" target=\"_blank\" rel=\"noopener noreferrer\"><img decoding=\"async\" class=\"alignnone size-full wp-image-11665\" src=\"http:\/\/www.access-info.org\/wp-content\/uploads\/pdf_small.gif\" alt=\"alt\" width=\"16\" height=\"16\" \/><\/a><\/p>\n","protected":false},"excerpt":{"rendered":"<p>Fecha: 12 diciembre 2016, a las 11.30 Lugar: Viena, Austria<\/p>\n","protected":false},"author":6,"featured_media":0,"comment_status":"closed","ping_status":"closed","sticky":false,"template":"","format":"standard","meta":{"footnotes":""},"categories":[93],"tags":[],"class_list":["post-27130","post","type-post","status-publish","format-standard","hentry","category-events-es"],"_links":{"self":[{"href":"https:\/\/www.access-info.org\/es\/wp-json\/wp\/v2\/posts\/27130","targetHints":{"allow":["GET"]}}],"collection":[{"href":"https:\/\/www.access-info.org\/es\/wp-json\/wp\/v2\/posts"}],"about":[{"href":"https:\/\/www.access-info.org\/es\/wp-json\/wp\/v2\/types\/post"}],"author":[{"embeddable":true,"href":"https:\/\/www.access-info.org\/es\/wp-json\/wp\/v2\/users\/6"}],"replies":[{"embeddable":true,"href":"https:\/\/www.access-info.org\/es\/wp-json\/wp\/v2\/comments?post=27130"}],"version-history":[{"count":3,"href":"https:\/\/www.access-info.org\/es\/wp-json\/wp\/v2\/posts\/27130\/revisions"}],"predecessor-version":[{"id":32747,"href":"https:\/\/www.access-info.org\/es\/wp-json\/wp\/v2\/posts\/27130\/revisions\/32747"}],"wp:attachment":[{"href":"https:\/\/www.access-info.org\/es\/wp-json\/wp\/v2\/media?parent=27130"}],"wp:term":[{"taxonomy":"category","embeddable":true,"href":"https:\/\/www.access-info.org\/es\/wp-json\/wp\/v2\/categories?post=27130"},{"taxonomy":"post_tag","embeddable":true,"href":"https:\/\/www.access-info.org\/es\/wp-json\/wp\/v2\/tags?post=27130"}],"curies":[{"name":"wp","href":"https:\/\/api.w.org\/{rel}","templated":true}]}}