{"id":28815,"date":"2017-04-24T12:30:07","date_gmt":"2017-04-24T10:30:07","guid":{"rendered":"https:\/\/www.access-info.org\/?p=28815"},"modified":"2018-11-13T09:45:19","modified_gmt":"2018-11-13T08:45:19","slug":"necesitamos-una-ley-de-transparencia-fuerte-2","status":"publish","type":"post","link":"https:\/\/www.access-info.org\/es\/2017-04-24\/necesitamos-una-ley-de-transparencia-fuerte-2\/","title":{"rendered":"Necesitamos una Ley de transparencia fuerte"},"content":{"rendered":"<p><strong><a href=\"http:\/\/www.eldiario.es\/desigualdadblog\/Necesitamos-Ley-transparencia-fuerte_6_636296378.html\"; target=\"_blank\">Eldiario.es<\/a><\/strong> | 24\/04\/2017<br \/>\n<em>Espa\u00f1ol<\/em> &#8211; La sociedad civil, trabajando mano a mano con periodistas, ha logrado arrojar luz sobre c\u00f3mo nuestros representantes toman las decisiones p\u00fablicas que afectan a los derechos de las personas, qui\u00e9n interviene en las mismas y c\u00f3mo se gastan nuestro dinero.<\/p>\n<p><a href=\"https:\/\/www.access-info.org\/wp-content\/uploads\/Necesitamos-Ley-transparencia-fuerte_6_636296378.pdf\"; target=\"_blank\">Leer m\u00e1s&#8230;<\/a><\/p>\n","protected":false},"excerpt":{"rendered":"<p>Eldiario.es | 24\/04\/2017 Espa\u00f1ol &#8211; La sociedad civil, trabajando mano a mano con periodistas, ha logrado arrojar luz sobre c\u00f3mo nuestros representantes toman las decisiones p\u00fablicas que afectan a los derechos de las personas, qui\u00e9n interviene en las mismas y c\u00f3mo se gastan nuestro dinero. Leer m\u00e1s&#8230;<\/p>\n","protected":false},"author":6,"featured_media":0,"comment_status":"closed","ping_status":"closed","sticky":false,"template":"","format":"standard","meta":{"footnotes":""},"categories":[88],"tags":[],"class_list":["post-28815","post","type-post","status-publish","format-standard","hentry","category-aieinthenews-es"],"_links":{"self":[{"href":"https:\/\/www.access-info.org\/es\/wp-json\/wp\/v2\/posts\/28815","targetHints":{"allow":["GET"]}}],"collection":[{"href":"https:\/\/www.access-info.org\/es\/wp-json\/wp\/v2\/posts"}],"about":[{"href":"https:\/\/www.access-info.org\/es\/wp-json\/wp\/v2\/types\/post"}],"author":[{"embeddable":true,"href":"https:\/\/www.access-info.org\/es\/wp-json\/wp\/v2\/users\/6"}],"replies":[{"embeddable":true,"href":"https:\/\/www.access-info.org\/es\/wp-json\/wp\/v2\/comments?post=28815"}],"version-history":[{"count":2,"href":"https:\/\/www.access-info.org\/es\/wp-json\/wp\/v2\/posts\/28815\/revisions"}],"predecessor-version":[{"id":28817,"href":"https:\/\/www.access-info.org\/es\/wp-json\/wp\/v2\/posts\/28815\/revisions\/28817"}],"wp:attachment":[{"href":"https:\/\/www.access-info.org\/es\/wp-json\/wp\/v2\/media?parent=28815"}],"wp:term":[{"taxonomy":"category","embeddable":true,"href":"https:\/\/www.access-info.org\/es\/wp-json\/wp\/v2\/categories?post=28815"},{"taxonomy":"post_tag","embeddable":true,"href":"https:\/\/www.access-info.org\/es\/wp-json\/wp\/v2\/tags?post=28815"}],"curies":[{"name":"wp","href":"https:\/\/api.w.org\/{rel}","templated":true}]}}