{"id":28978,"date":"2017-04-07T11:48:38","date_gmt":"2017-04-07T09:48:38","guid":{"rendered":"https:\/\/www.access-info.org\/?p=28978"},"modified":"2018-11-13T09:45:20","modified_gmt":"2018-11-13T08:45:20","slug":"reunion-para-la-alianza-de-gobierno-abierto-en-espana","status":"publish","type":"post","link":"https:\/\/www.access-info.org\/es\/2017-04-07\/reunion-para-la-alianza-de-gobierno-abierto-en-espana\/","title":{"rendered":"Reuni\u00f3n para la Alianza de Gobierno Abierto en Espa\u00f1a"},"content":{"rendered":"<p><strong>Fecha:<\/strong><br \/>\n07\/04\/2017<br \/>\n<strong>Lugar:<\/strong><br \/>\nEdificio del Tesoro P\u00fablico, Madrid<!--more--><\/p>\n<p>Alba Gutierrez y Andreas Pavlou asistieron a una reuni\u00f3n con funcionarios del gobierno en el edificio del Tesoro P\u00fablico para analizar el tercer Plan de Acci\u00f3n de Gobierno Abierto de Espa\u00f1a.<\/p>\n<p>En la reuni\u00f3n, a la que asistieron otras ONGs pro transparencia, adem\u00e1s de Access Info Europe, se debatieron los compromisos que los diferentes Ministerios han propuesto para incluir en el tercer Plan de Acci\u00f3n, cuya publicaci\u00f3n est\u00e1 prevista para junio de 2017.<\/p>\n","protected":false},"excerpt":{"rendered":"<p>Fecha: 07\/04\/2017 Lugar: Edificio del Tesoro P\u00fablico, Madrid<\/p>\n","protected":false},"author":6,"featured_media":0,"comment_status":"closed","ping_status":"closed","sticky":false,"template":"","format":"standard","meta":{"footnotes":""},"categories":[93],"tags":[],"class_list":["post-28978","post","type-post","status-publish","format-standard","hentry","category-events-es"],"_links":{"self":[{"href":"https:\/\/www.access-info.org\/es\/wp-json\/wp\/v2\/posts\/28978","targetHints":{"allow":["GET"]}}],"collection":[{"href":"https:\/\/www.access-info.org\/es\/wp-json\/wp\/v2\/posts"}],"about":[{"href":"https:\/\/www.access-info.org\/es\/wp-json\/wp\/v2\/types\/post"}],"author":[{"embeddable":true,"href":"https:\/\/www.access-info.org\/es\/wp-json\/wp\/v2\/users\/6"}],"replies":[{"embeddable":true,"href":"https:\/\/www.access-info.org\/es\/wp-json\/wp\/v2\/comments?post=28978"}],"version-history":[{"count":1,"href":"https:\/\/www.access-info.org\/es\/wp-json\/wp\/v2\/posts\/28978\/revisions"}],"predecessor-version":[{"id":28979,"href":"https:\/\/www.access-info.org\/es\/wp-json\/wp\/v2\/posts\/28978\/revisions\/28979"}],"wp:attachment":[{"href":"https:\/\/www.access-info.org\/es\/wp-json\/wp\/v2\/media?parent=28978"}],"wp:term":[{"taxonomy":"category","embeddable":true,"href":"https:\/\/www.access-info.org\/es\/wp-json\/wp\/v2\/categories?post=28978"},{"taxonomy":"post_tag","embeddable":true,"href":"https:\/\/www.access-info.org\/es\/wp-json\/wp\/v2\/tags?post=28978"}],"curies":[{"name":"wp","href":"https:\/\/api.w.org\/{rel}","templated":true}]}}