{"id":29529,"date":"2017-08-08T11:22:14","date_gmt":"2017-08-08T09:22:14","guid":{"rendered":"https:\/\/www.access-info.org\/?p=29529"},"modified":"2018-11-13T09:45:00","modified_gmt":"2018-11-13T08:45:00","slug":"twee-maanden-492-249-euro-europese-commissie-maakt-voor-het-eerst-reisonkosten-publiek","status":"publish","type":"post","link":"https:\/\/www.access-info.org\/es\/2017-08-08\/twee-maanden-492-249-euro-europese-commissie-maakt-voor-het-eerst-reisonkosten-publiek\/","title":{"rendered":"Twee maanden, 492.249 euro: Europese Commissie maakt voor het eerst reisonkosten publiek"},"content":{"rendered":"<p><strong><a href=\"http:\/\/www.knack.be\/nieuws\/wereld\/twee-maanden-492-249-euro-europese-commissie-maakt-voor-het-eerst-reisonkosten-publiek\/article-normal-886195.html\"; target=\"_blank\">Knack<\/strong><\/a> | 08\/08\/2017<br \/>\n<em>Neerland\u00e9s<\/em> &#8211; Na drie jaar procederen kreeg de ngo Access Info Europe toegang tot de financi\u00eble verslagen van offici\u00eble missies van de Eurocommissarissen in de eerste twee maanden van 2016. Knack kon de documenten inkijken.<br \/>\n<a href=\"https:\/\/www.access-info.org\/wp-content\/uploads\/Knack-dutch-news.pdf\"; target=\"_blank\">Leer m\u00e1s&#8230;<\/a><\/p>\n","protected":false},"excerpt":{"rendered":"<p>Knack | 08\/08\/2017 Neerland\u00e9s &#8211; Na drie jaar procederen kreeg de ngo Access Info Europe toegang tot de financi\u00eble verslagen van offici\u00eble missies van de Eurocommissarissen in de eerste twee maanden van 2016. Knack kon de documenten inkijken. Leer m\u00e1s&#8230;<\/p>\n","protected":false},"author":6,"featured_media":0,"comment_status":"closed","ping_status":"closed","sticky":false,"template":"","format":"standard","meta":{"footnotes":""},"categories":[88],"tags":[],"class_list":["post-29529","post","type-post","status-publish","format-standard","hentry","category-aieinthenews-es"],"_links":{"self":[{"href":"https:\/\/www.access-info.org\/es\/wp-json\/wp\/v2\/posts\/29529","targetHints":{"allow":["GET"]}}],"collection":[{"href":"https:\/\/www.access-info.org\/es\/wp-json\/wp\/v2\/posts"}],"about":[{"href":"https:\/\/www.access-info.org\/es\/wp-json\/wp\/v2\/types\/post"}],"author":[{"embeddable":true,"href":"https:\/\/www.access-info.org\/es\/wp-json\/wp\/v2\/users\/6"}],"replies":[{"embeddable":true,"href":"https:\/\/www.access-info.org\/es\/wp-json\/wp\/v2\/comments?post=29529"}],"version-history":[{"count":1,"href":"https:\/\/www.access-info.org\/es\/wp-json\/wp\/v2\/posts\/29529\/revisions"}],"predecessor-version":[{"id":29532,"href":"https:\/\/www.access-info.org\/es\/wp-json\/wp\/v2\/posts\/29529\/revisions\/29532"}],"wp:attachment":[{"href":"https:\/\/www.access-info.org\/es\/wp-json\/wp\/v2\/media?parent=29529"}],"wp:term":[{"taxonomy":"category","embeddable":true,"href":"https:\/\/www.access-info.org\/es\/wp-json\/wp\/v2\/categories?post=29529"},{"taxonomy":"post_tag","embeddable":true,"href":"https:\/\/www.access-info.org\/es\/wp-json\/wp\/v2\/tags?post=29529"}],"curies":[{"name":"wp","href":"https:\/\/api.w.org\/{rel}","templated":true}]}}