{"id":30118,"date":"2017-11-16T12:11:26","date_gmt":"2017-11-16T11:11:26","guid":{"rendered":"https:\/\/www.access-info.org\/?p=30118"},"modified":"2018-11-13T09:44:29","modified_gmt":"2018-11-13T08:44:29","slug":"nouvelle-etape-europe-de-la-defense","status":"publish","type":"post","link":"https:\/\/www.access-info.org\/es\/2017-11-16\/nouvelle-etape-europe-de-la-defense\/","title":{"rendered":"Nouvelle \u00e9tape \/ Europe de la d\u00e9fense"},"content":{"rendered":"<p><strong><a href=\"http:\/\/jeudi.lu\/nouvelle-etape-europe-de-defense\/\"; target=\"_blank\">Le Jeudi<\/a><\/strong> | 16\/11\/2017<br \/>\n<em>Franc\u00e9s<\/em> &#8211; Moment historique, nouvelle page, les ministres des Affaires \u00e9trang\u00e8res ou de la D\u00e9fense et la haute repr\u00e9sentante de l&#8217;UE, Federica Mogherini, n&#8217;ont pas manqu\u00e9 de superlatifs pour qualifier la d\u00e9cision de vingt-trois Etats membres de lancer une coop\u00e9ration structur\u00e9e permanente.<br \/>\n<a href=\"https:\/\/www.access-info.org\/wp-content\/uploads\/inte_re_t-commercial-23_LeJeudi_1116.pdf\"; target=\"_blank\">Leer m\u00e1s&#8230;<\/a><\/p>\n","protected":false},"excerpt":{"rendered":"<p>Le Jeudi | 16\/11\/2017 Franc\u00e9s &#8211; Moment historique, nouvelle page, les ministres des Affaires \u00e9trang\u00e8res ou de la D\u00e9fense et la haute repr\u00e9sentante de l&#8217;UE, Federica Mogherini, n&#8217;ont pas manqu\u00e9 de superlatifs pour qualifier la d\u00e9cision de vingt-trois Etats membres de lancer une coop\u00e9ration structur\u00e9e permanente. Leer m\u00e1s&#8230;<\/p>\n","protected":false},"author":6,"featured_media":0,"comment_status":"closed","ping_status":"closed","sticky":false,"template":"","format":"standard","meta":{"footnotes":""},"categories":[88],"tags":[],"class_list":["post-30118","post","type-post","status-publish","format-standard","hentry","category-aieinthenews-es"],"_links":{"self":[{"href":"https:\/\/www.access-info.org\/es\/wp-json\/wp\/v2\/posts\/30118","targetHints":{"allow":["GET"]}}],"collection":[{"href":"https:\/\/www.access-info.org\/es\/wp-json\/wp\/v2\/posts"}],"about":[{"href":"https:\/\/www.access-info.org\/es\/wp-json\/wp\/v2\/types\/post"}],"author":[{"embeddable":true,"href":"https:\/\/www.access-info.org\/es\/wp-json\/wp\/v2\/users\/6"}],"replies":[{"embeddable":true,"href":"https:\/\/www.access-info.org\/es\/wp-json\/wp\/v2\/comments?post=30118"}],"version-history":[{"count":4,"href":"https:\/\/www.access-info.org\/es\/wp-json\/wp\/v2\/posts\/30118\/revisions"}],"predecessor-version":[{"id":30124,"href":"https:\/\/www.access-info.org\/es\/wp-json\/wp\/v2\/posts\/30118\/revisions\/30124"}],"wp:attachment":[{"href":"https:\/\/www.access-info.org\/es\/wp-json\/wp\/v2\/media?parent=30118"}],"wp:term":[{"taxonomy":"category","embeddable":true,"href":"https:\/\/www.access-info.org\/es\/wp-json\/wp\/v2\/categories?post=30118"},{"taxonomy":"post_tag","embeddable":true,"href":"https:\/\/www.access-info.org\/es\/wp-json\/wp\/v2\/tags?post=30118"}],"curies":[{"name":"wp","href":"https:\/\/api.w.org\/{rel}","templated":true}]}}