{"id":30600,"date":"2018-05-14T12:09:10","date_gmt":"2018-05-14T10:09:10","guid":{"rendered":"https:\/\/www.access-info.org?p=30600"},"modified":"2018-11-13T09:44:14","modified_gmt":"2018-11-13T08:44:14","slug":"por-que-espana-no-forma-parte-del-grupo-de-naciones-digitales","status":"publish","type":"post","link":"https:\/\/www.access-info.org\/es\/2018-05-14\/por-que-espana-no-forma-parte-del-grupo-de-naciones-digitales\/","title":{"rendered":"\u00bfPor qu\u00e9 Espa\u00f1a no forma parte del grupo de naciones digitales?"},"content":{"rendered":"<p><strong><a href=\"https:\/\/retina.elpais.com\/retina\/2018\/05\/07\/tendencias\/1525685496_233093.html\"; target=_blank\">Retina &#8211; El Pa\u00eds<\/a><\/strong> | 14\/05\/2018<br \/>\n<em>Espa\u00f1ol<\/em> &#8211; En 2010, el Gobierno brit\u00e1nico se comprometi\u00f3 a que un 25% del presupuesto destinado a proveedores de servicios externos fuera a parar a pymes y startups. La cuesti\u00f3n requer\u00eda de concienciaci\u00f3n por parte de la Administraci\u00f3n, pero tambi\u00e9n expon\u00eda la necesidad de eliminar las numerosas barreras a las que se enfrentan estas compa\u00f1\u00edas cuando se animan a pujar por contratos p\u00fablicos.<br \/>\n<a href=\"https:\/\/www.access-info.org\/wp-content\/uploads\/https___retina_elpais_com_retina_2018_05_07_tendencias_1525685496_233093_html.pdf\"; target=_blank\">Leer m\u00e1s&#8230;<\/a><\/p>\n","protected":false},"excerpt":{"rendered":"<p>Leer m\u00e1s&#8230;<\/p>\n","protected":false},"author":6,"featured_media":0,"comment_status":"closed","ping_status":"closed","sticky":false,"template":"","format":"standard","meta":{"footnotes":""},"categories":[88],"tags":[],"class_list":["post-30600","post","type-post","status-publish","format-standard","hentry","category-aieinthenews-es"],"_links":{"self":[{"href":"https:\/\/www.access-info.org\/es\/wp-json\/wp\/v2\/posts\/30600","targetHints":{"allow":["GET"]}}],"collection":[{"href":"https:\/\/www.access-info.org\/es\/wp-json\/wp\/v2\/posts"}],"about":[{"href":"https:\/\/www.access-info.org\/es\/wp-json\/wp\/v2\/types\/post"}],"author":[{"embeddable":true,"href":"https:\/\/www.access-info.org\/es\/wp-json\/wp\/v2\/users\/6"}],"replies":[{"embeddable":true,"href":"https:\/\/www.access-info.org\/es\/wp-json\/wp\/v2\/comments?post=30600"}],"version-history":[{"count":2,"href":"https:\/\/www.access-info.org\/es\/wp-json\/wp\/v2\/posts\/30600\/revisions"}],"predecessor-version":[{"id":30607,"href":"https:\/\/www.access-info.org\/es\/wp-json\/wp\/v2\/posts\/30600\/revisions\/30607"}],"wp:attachment":[{"href":"https:\/\/www.access-info.org\/es\/wp-json\/wp\/v2\/media?parent=30600"}],"wp:term":[{"taxonomy":"category","embeddable":true,"href":"https:\/\/www.access-info.org\/es\/wp-json\/wp\/v2\/categories?post=30600"},{"taxonomy":"post_tag","embeddable":true,"href":"https:\/\/www.access-info.org\/es\/wp-json\/wp\/v2\/tags?post=30600"}],"curies":[{"name":"wp","href":"https:\/\/api.w.org\/{rel}","templated":true}]}}