{"id":33299,"date":"2020-04-06T15:11:04","date_gmt":"2020-04-06T13:11:04","guid":{"rendered":"https:\/\/www.access-info.org\/blog\/2020\/04\/06\/now-more-than-ever-whistleblower-protection\/"},"modified":"2021-11-12T17:22:21","modified_gmt":"2021-11-12T16:22:21","slug":"now-more-than-ever-whistleblower-protection","status":"publish","type":"post","link":"https:\/\/www.access-info.org\/es\/2020-04-06\/now-more-than-ever-whistleblower-protection\/","title":{"rendered":"Ahora m\u00e1s que nunca: transparencia y protecci\u00f3n de los alertadores"},"content":{"rendered":"<p><em>Madrid, 6 de abril 2020<\/em>\u2013 <strong>Access Info Europe se ha sumado hoy a organizaciones l\u00edderes en transparencia y lucha anti-corrupci\u00f3n, llamando a todas las autoridades p\u00fablicas a garantizar y fortalecer la protecci\u00f3n de alertadores durante el estado de emergencia causado por la pandemia del coronavirus. <\/strong><\/p>\n<p>En una carta abierta, los firmantes destacan la necesidad de transparencia para que los ciudadanos puedan fiscalizar a los gobiernos y las empresas, y se\u00f1alan ejemplos de malas pr\u00e1cticas que ya han sido desveladas en \u00e1reas como la gesti\u00f3n del sistema de salud y la contrataci\u00f3n p\u00fablica.<\/p>\n<p>Esto es particularmente as\u00ed dado que, en la crisis actual, la toma de decisiones est\u00e1 eludiendo los procesos normales de supervisi\u00f3n parlamentaria y ciudadana y donde, en algunos pa\u00edses, la libertad de prensa y la libertad de informaci\u00f3n han sido limitadas.<\/p>\n<p>En la carta se subraya que los trabajadores que se arriesgan a diario para mantener los servicios esenciales deben poder hablar de la seguridad de su entorno de trabajo y de las amenazas a la salud y la seguridad p\u00fablicas, la corrupci\u00f3n y otros abusos.<\/p>\n<p><em>\u201cLa protecci\u00f3n de los denunciantes es m\u00e1s importante que nunca en tiempos de crisis. Es imperativo que salga a la luz informaci\u00f3n sobre problemas que van desde la inexactitud de los datos hasta la mala gesti\u00f3n y el abuso del poder del gobierno, todo lo cual pone en peligro no s\u00f3lo nuestras democracias sino tambi\u00e9n la vida de las personas\u00bb<\/em>, declar\u00f3 Helen Darbishire, Directora Ejecutiva de Access Info.<\/p>\n<p>La carta tambi\u00e9n hace un llamamiento a todos los ciudadanos para que sigan comprometidos, mediante el debate y la acci\u00f3n, en asegurar que los gobiernos y las empresas rindan cuentas y pongan los derechos humanos y las libertades en el centro de sus decisiones.<\/p>\n<p><strong>La carta, exclusivamente en ingl\u00e9s, est\u00e1 disponible aqu\u00ed <\/strong><strong><a href=\"https:\/\/www.access-info.org\/wp-content\/uploads\/2020-04-06-CMWS-COVID-19-FINAL-VERSION-2.pdf\"><img decoding=\"async\" class=\"alignnone wp-image-31932\" src=\"https:\/\/www.access-info.org\/wp-content\/uploads\/pdf_24x32.png\" alt=\"\" width=\"15\" height=\"20\" \/><\/a><\/strong><\/p>\n<p>Los gobiernos de la Uni\u00f3n Europea tendr\u00e1n que transponer la Directiva sobre protecci\u00f3n de los denunciantes de irregularidades de 2019 a la legislaci\u00f3n nacional antes de 2021. Access Info pide que se introduzcan de inmediato protecciones, de acuerdo con las garant\u00edas ofrecidas por la Directiva, con respecto a toda revelaci\u00f3n de irregularidades relacionadas con la pandemia de Covid-19.<\/p>\n<p><em>\u00abNecesitamos medidas urgentes para proteger a los denunciantes de irregularidades ahora mismo\u00bb<\/em>, dijo Darbishire. <em>\u00abEstas pueden ser medidas legales o al menos compromisos pol\u00edticos\u00bb<\/em>.<\/p>\n<p>Lea la <strong><a href=\"https:\/\/www.access-info.org\/wp-content\/uploads\/ML-2-Whistleblower.pdf\">Gu\u00eda de la Directiva de la UE sobre la protecci\u00f3n de los alertadores<\/a><\/strong> de Access Info y sus socios (disponible solo en ingl\u00e9s), elaborada como parte de nuestro proyecto <a href=\"https:\/\/tenders.guru\/\"><strong>Tenders Guru<\/strong><\/a>, financiado por la UE.<\/p>\n<p>Para m\u00e1s informaci\u00f3n, por favor, p\u00f3ngase en contacto con:<\/p>\n<p><strong>Paula Dom\u00ednguez, Responsable de Comunicaci\u00f3n<\/strong>\u00a0| Access Info Europe<br \/>\n<a href=\"mailto:paula@access-info.org\">paula@access-info.org<\/a> | +34 637 226 609<\/p>\n<p><strong>Helen Darbishire, Directora Ejecutiva<\/strong> | Access Info Europe<br \/>\n<a href=\"mailto:helen@access-info.org\">helen@access-info.org<\/a> | +34 637 226 609<\/p>\n","protected":false},"excerpt":{"rendered":"<p>Madrid, 6 de abril 2020\u2013 Access Info Europe se ha sumado hoy a organizaciones l\u00edderes en transparencia y lucha anti-corrupci\u00f3n, llamando a todas las autoridades p\u00fablicas a garantizar y fortalecer la protecci\u00f3n de alertadores durante el estado de emergencia causado por la pandemia del coronavirus.<\/p>\n","protected":false},"author":6,"featured_media":33297,"comment_status":"closed","ping_status":"closed","sticky":false,"template":"","format":"standard","meta":{"footnotes":""},"categories":[89,1094,64,1115],"tags":[],"class_list":["post-33299","post","type-post","status-publish","format-standard","has-post-thumbnail","hentry","category-acc-es","category-transparencia-covid-19","category-frontpage-es","category-proyecto-tenders-guru"],"_links":{"self":[{"href":"https:\/\/www.access-info.org\/es\/wp-json\/wp\/v2\/posts\/33299","targetHints":{"allow":["GET"]}}],"collection":[{"href":"https:\/\/www.access-info.org\/es\/wp-json\/wp\/v2\/posts"}],"about":[{"href":"https:\/\/www.access-info.org\/es\/wp-json\/wp\/v2\/types\/post"}],"author":[{"embeddable":true,"href":"https:\/\/www.access-info.org\/es\/wp-json\/wp\/v2\/users\/6"}],"replies":[{"embeddable":true,"href":"https:\/\/www.access-info.org\/es\/wp-json\/wp\/v2\/comments?post=33299"}],"version-history":[{"count":7,"href":"https:\/\/www.access-info.org\/es\/wp-json\/wp\/v2\/posts\/33299\/revisions"}],"predecessor-version":[{"id":36442,"href":"https:\/\/www.access-info.org\/es\/wp-json\/wp\/v2\/posts\/33299\/revisions\/36442"}],"wp:featuredmedia":[{"embeddable":true,"href":"https:\/\/www.access-info.org\/es\/wp-json\/wp\/v2\/media\/33297"}],"wp:attachment":[{"href":"https:\/\/www.access-info.org\/es\/wp-json\/wp\/v2\/media?parent=33299"}],"wp:term":[{"taxonomy":"category","embeddable":true,"href":"https:\/\/www.access-info.org\/es\/wp-json\/wp\/v2\/categories?post=33299"},{"taxonomy":"post_tag","embeddable":true,"href":"https:\/\/www.access-info.org\/es\/wp-json\/wp\/v2\/tags?post=33299"}],"curies":[{"name":"wp","href":"https:\/\/api.w.org\/{rel}","templated":true}]}}