{"id":33501,"date":"2020-04-28T12:14:02","date_gmt":"2020-04-28T10:14:02","guid":{"rendered":"https:\/\/www.access-info.org\/?p=33501"},"modified":"2020-04-28T12:14:02","modified_gmt":"2020-04-28T10:14:02","slug":"transparencia-confinada","status":"publish","type":"post","link":"https:\/\/www.access-info.org\/es\/2020-04-28\/transparencia-confinada\/","title":{"rendered":"Transparencia confinada: el estado de alarma paraliza el derecho de acceso a la informaci\u00f3n"},"content":{"rendered":"<p><strong><a href=\"https:\/\/maldita.es\/\">Maldita.es<\/a><\/strong>| 24\/04\/2020<br \/>\nEl ministro del Interior, Fernando Grande-Marlaska, afirmaba este domingo en rueda de prensa que \u00abel Portal de Transparencia, la transparencia, la informaci\u00f3n p\u00fablica, es una de las prioridades, por no decir la primera prioridad, de este Gobierno despu\u00e9s de terminar y acabar con el virus\u00bb.<br \/>\n<strong><a href=\"https:\/\/maldita.es\/malditodato\/2020\/04\/24\/transparencia-confinada-estado-alarma-paraliza-derecho-acceso\/\">Leer m\u00e1s&#8230;<\/a><\/strong><\/p>\n","protected":false},"excerpt":{"rendered":"<p>Maldita.es| 24\/04\/2020 El ministro del Interior, Fernando Grande-Marlaska, afirmaba este domingo en rueda de prensa que \u00abel Portal de Transparencia, la transparencia, la informaci\u00f3n p\u00fablica, es una de las prioridades, por no decir la primera prioridad, de este Gobierno despu\u00e9s de terminar y acabar con el virus\u00bb. Leer m\u00e1s&#8230;<\/p>\n","protected":false},"author":6,"featured_media":0,"comment_status":"closed","ping_status":"closed","sticky":false,"template":"","format":"standard","meta":{"footnotes":""},"categories":[88],"tags":[],"class_list":["post-33501","post","type-post","status-publish","format-standard","hentry","category-aieinthenews-es"],"_links":{"self":[{"href":"https:\/\/www.access-info.org\/es\/wp-json\/wp\/v2\/posts\/33501","targetHints":{"allow":["GET"]}}],"collection":[{"href":"https:\/\/www.access-info.org\/es\/wp-json\/wp\/v2\/posts"}],"about":[{"href":"https:\/\/www.access-info.org\/es\/wp-json\/wp\/v2\/types\/post"}],"author":[{"embeddable":true,"href":"https:\/\/www.access-info.org\/es\/wp-json\/wp\/v2\/users\/6"}],"replies":[{"embeddable":true,"href":"https:\/\/www.access-info.org\/es\/wp-json\/wp\/v2\/comments?post=33501"}],"version-history":[{"count":1,"href":"https:\/\/www.access-info.org\/es\/wp-json\/wp\/v2\/posts\/33501\/revisions"}],"predecessor-version":[{"id":33502,"href":"https:\/\/www.access-info.org\/es\/wp-json\/wp\/v2\/posts\/33501\/revisions\/33502"}],"wp:attachment":[{"href":"https:\/\/www.access-info.org\/es\/wp-json\/wp\/v2\/media?parent=33501"}],"wp:term":[{"taxonomy":"category","embeddable":true,"href":"https:\/\/www.access-info.org\/es\/wp-json\/wp\/v2\/categories?post=33501"},{"taxonomy":"post_tag","embeddable":true,"href":"https:\/\/www.access-info.org\/es\/wp-json\/wp\/v2\/tags?post=33501"}],"curies":[{"name":"wp","href":"https:\/\/api.w.org\/{rel}","templated":true}]}}