{"id":33793,"date":"2020-06-10T19:21:15","date_gmt":"2020-06-10T17:21:15","guid":{"rendered":"https:\/\/www.access-info.org\/?p=33793"},"modified":"2020-06-11T11:17:34","modified_gmt":"2020-06-11T09:17:34","slug":"comision-publicara-propuestas-ciudadanas-reconstruccion","status":"publish","type":"post","link":"https:\/\/www.access-info.org\/es\/2020-06-10\/comision-publicara-propuestas-ciudadanas-reconstruccion\/","title":{"rendered":"\u00c9xito de las ONG pro-transparencia: la Comisi\u00f3n para la Reconstrucci\u00f3n publicar\u00e1 las propuestas de la ciudadan\u00eda"},"content":{"rendered":"<p><em>Madrid, 10 de junio de 2020<\/em> \u2013<strong>Access Info Europe celebra la decisi\u00f3n de la Comisi\u00f3n para la Reconstrucci\u00f3n Social y Econ\u00f3mica<\/strong><strong> de hacer p\u00fablicas las propuestas de los ciudadanos ante el escenario pos-Covid que se est\u00e1n recogiendo en el buz\u00f3n de sugerencias habilitado desde el pasado 26 de mayo, despu\u00e9s de que lo solicitaran m\u00e1s de 40 organizaciones pro transparencia. <\/strong><\/p>\n<p>Desde Access Info acogemos esta decisi\u00f3n, que se ha producido despu\u00e9s de que la semana pasada m\u00e1s de 40 organizaciones pro transparencia, muchas de ellas miembros de la Coalici\u00f3n Pro Acceso, pidieran al Presidente de la Comisi\u00f3n, Patxi L\u00f3pez, \u201cpublicidad plena y el acceso a toda la informaci\u00f3n y documentaci\u00f3n generada y aportada en el transcurso de las actividades de la Comisi\u00f3n y de sus grupos de trabajo\u201d, en una <a href=\"https:\/\/www.access-info.org\/es\/blog\/2020\/06\/02\/espana-reconstruccion-pos-covid-transparente\/\">carta<\/a> que enviaron tambi\u00e9n a la Presidenta del Congreso, Meritxell Batet.<\/p>\n<p>Esta Comisi\u00f3n, que busca soluciones a los efectos econ\u00f3micos y sociales de la pandemia, publicar\u00e1 en la p\u00e1gina web del Congreso todas las propuestas que le sean remitidas a trav\u00e9s del buz\u00f3n de correo electr\u00f3nico, a excepci\u00f3n de las de aquellos ciudadanos que deseen lo contrario y as\u00ed lo hayan indicado en el mensaje de env\u00edo.<\/p>\n<p><strong>Ya puede consultar las sugerencias de la ciudadan\u00eda para la Comisi\u00f3n, haciendo clic en el siguiente <a href=\"http:\/\/www.congreso.es\/portal\/page\/portal\/Congreso\/Congreso\/Organos\/Comision?_piref73_7498063_73_1339256_1339256.next_page=\/wc\/documentacionInformComisiones&amp;idOrgano=390&amp;idLegislatura=14\">enlace<\/a><\/strong><\/p>\n<p>Asimismo, se har\u00e1n p\u00fablicos la mayor parte de los documentos aportados por los comparecientes y los grupos de trabajo de la Comisi\u00f3n para la Reconstrucci\u00f3n.<\/p>\n<p><em>\u201cEste es un paso muy importante para la transparencia del Parlamento y su actividad y, por tanto, felicitamos a esta instituci\u00f3n. No podemos olvidar, sin embargo, que este es un peque\u00f1o gran \u00e9xito de la sociedad civil que desde hace a\u00f1os trabaja para hacer de la transparencia un pilar fundamental en nuestras democracias\u201d,<\/em> declar\u00f3 Helen Darbishire, Directora Ejecutiva de Access Info Europe.<\/p>\n<p><em>\u201cAl no tener una ley de transparencia org\u00e1nica, al no haber reconocido el derecho de acceso a la informaci\u00f3n como un derecho fundamental, no tenemos todav\u00eda en Espa\u00f1a un derecho de acceso a los documentos de las comisiones parlamentarias. Es una prioridad cambiar esta situaci\u00f3n para permitir a todos los ciudadanos conocer realmente la actividad del Parlamento, la instituci\u00f3n que les representa\u201d<\/em>, a\u00f1adi\u00f3 Darbishire.<\/p>\n<p><strong>Acceda a la carta de Patxi L\u00f3pez en respuesta a las demandas de la sociedad civil <a href=\"https:\/\/www.access-info.org\/wp-content\/uploads\/2020060911-Respuesta-Patxi-L\u00f3pez.pdf\" target=\"_blank\" rel=\"noopener noreferrer\"><img decoding=\"async\" class=\"alignnone wp-image-31932\" src=\"https:\/\/www.access-info.org\/wp-content\/uploads\/pdf_24x32.png\" alt=\"\" width=\"14\" height=\"19\" \/><\/a><\/strong><\/p>\n<p>Para m\u00e1s informaci\u00f3n, por favor, contacte con:<\/p>\n<p><strong>Paula Dom\u00ednguez, Responsable de Comunicaci\u00f3n<\/strong> | Access Info Europe<br \/>\npaula[at]access-info.org +34 913 656 558<\/p>\n<p><strong>Helen Darbishire, Directora Ejecutiva<\/strong> | Access Info Europe<br \/>\nhelen[at]access-info.org +34 637 226 609<\/p>\n<p>&nbsp;<\/p>\n<p style=\"text-align: center;\"><em>Imagen de portada: <a href=\"http:\/\/www.congreso.es\/portal\/page\/portal\/Congreso\/Congreso\/SalaPrensa\/FotonoticiasPrensa?_piref73_6374072_73_6374061_6374061.next_page=\/wc\/detalleFotonoticias&amp;idFotonoticia=2858&amp;anyo=2020&amp;paginaBefore=1\" target=\"_blank\" rel=\"noopener noreferrer\">Congreso de los Diputados<\/a><\/em><\/p>\n","protected":false},"excerpt":{"rendered":"<p>Madrid, 10 de junio de 2020 \u2013Access Info Europe celebra la decisi\u00f3n de la Comisi\u00f3n para la Reconstrucci\u00f3n Social y Econ\u00f3mica de hacer p\u00fablicas las propuestas de los ciudadanos ante el escenario pos-Covid que se est\u00e1n recogiendo en el buz\u00f3n de sugerencias habilitado desde el pasado 26 de mayo, despu\u00e9s de que lo solicitaran m\u00e1s de 40 organizaciones pro transparencia. Desde Access Info acogemos esta decisi\u00f3n, que se ha producido despu\u00e9s de que la semana pasada m\u00e1s de 40 organizaciones pro transparencia, muchas de ellas miembros de la Coalici\u00f3n Pro Acceso, pidieran al Presidente de la Comisi\u00f3n, Patxi L\u00f3pez, \u201cpublicidad<\/p>\n","protected":false},"author":6,"featured_media":33796,"comment_status":"closed","ping_status":"closed","sticky":false,"template":"","format":"standard","meta":{"footnotes":""},"categories":[1094,64,83],"tags":[],"class_list":["post-33793","post","type-post","status-publish","format-standard","has-post-thumbnail","hentry","category-transparencia-covid-19","category-frontpage-es","category-esp-es"],"_links":{"self":[{"href":"https:\/\/www.access-info.org\/es\/wp-json\/wp\/v2\/posts\/33793","targetHints":{"allow":["GET"]}}],"collection":[{"href":"https:\/\/www.access-info.org\/es\/wp-json\/wp\/v2\/posts"}],"about":[{"href":"https:\/\/www.access-info.org\/es\/wp-json\/wp\/v2\/types\/post"}],"author":[{"embeddable":true,"href":"https:\/\/www.access-info.org\/es\/wp-json\/wp\/v2\/users\/6"}],"replies":[{"embeddable":true,"href":"https:\/\/www.access-info.org\/es\/wp-json\/wp\/v2\/comments?post=33793"}],"version-history":[{"count":3,"href":"https:\/\/www.access-info.org\/es\/wp-json\/wp\/v2\/posts\/33793\/revisions"}],"predecessor-version":[{"id":33800,"href":"https:\/\/www.access-info.org\/es\/wp-json\/wp\/v2\/posts\/33793\/revisions\/33800"}],"wp:featuredmedia":[{"embeddable":true,"href":"https:\/\/www.access-info.org\/es\/wp-json\/wp\/v2\/media\/33796"}],"wp:attachment":[{"href":"https:\/\/www.access-info.org\/es\/wp-json\/wp\/v2\/media?parent=33793"}],"wp:term":[{"taxonomy":"category","embeddable":true,"href":"https:\/\/www.access-info.org\/es\/wp-json\/wp\/v2\/categories?post=33793"},{"taxonomy":"post_tag","embeddable":true,"href":"https:\/\/www.access-info.org\/es\/wp-json\/wp\/v2\/tags?post=33793"}],"curies":[{"name":"wp","href":"https:\/\/api.w.org\/{rel}","templated":true}]}}