{"id":34364,"date":"2020-10-30T12:48:25","date_gmt":"2020-10-30T11:48:25","guid":{"rendered":"https:\/\/www.access-info.org\/?p=34364"},"modified":"2020-11-27T13:32:00","modified_gmt":"2020-11-27T12:32:00","slug":"espana-aprueba-iv-plan-accion-gobierno-abierto","status":"publish","type":"post","link":"https:\/\/www.access-info.org\/es\/2020-10-30\/espana-aprueba-iv-plan-accion-gobierno-abierto\/","title":{"rendered":"Espa\u00f1a aprueba un ambicioso IV Plan de Acci\u00f3n de Gobierno Abierto"},"content":{"rendered":"<p><em>Madrid, 30 de octubre de 2020<\/em> \u2013 <strong>Espa\u00f1a ha aprobado su IV Plan de Acci\u00f3n de Gobierno Abierto, un ambicioso proyecto de cuatro a\u00f1os, que incluye propuestas de Access Info Europe como la reforma de la Ley de Transparencia, la ratificaci\u00f3n del Convenio del Consejo de Europa sobre el Acceso a los Documentos P\u00fablicos, la regulaci\u00f3n de <em>lobbies<\/em> y la protecci\u00f3n de alertadores.<\/strong><\/p>\n<p>El Plan ha sido formalmente aprobado en una reuni\u00f3n virtual entre los miembros del Foro de Gobierno Abierto el 29 de octubre de 2020. En una alocuci\u00f3n pregrabada, la Ministra de Pol\u00edtica Territorial y Funci\u00f3n P\u00fablica, Carolina Darias reconoci\u00f3 el trabajo de todos los participantes en este nuevo Plan de Acci\u00f3n, fruto del <strong>consenso entre la sociedad civil y las administraciones p\u00fablicas<\/strong>.<\/p>\n<p>En su intervenci\u00f3n durante la reuni\u00f3n, Helen Darbishire, Directora Ejecutiva de Access Info, se\u00f1al\u00f3 que este ambicioso Plan de Acci\u00f3n refleja el importante avance que Espa\u00f1a ha realizado en los \u00faltimos a\u00f1os hacia un gobierno abierto, convirti\u00e9ndose en uno de los principales miembros de la Alianza por el Gobierno Abierto, con cuatro miembros subnacionales:\u00a0 Arag\u00f3n y Catalu\u00f1a, incorporados recientemente, y el Ayuntamiento de Madrid y el Pa\u00eds Vasco desde 2016 y 2018 respectivamente.<\/p>\n<p><em>\u201cAdem\u00e1s de estos importantes compromisos, es de esperar que ahora podamos tener un verdadero debate en Espa\u00f1a sobre el reconocimiento formal de que el acceso a la informaci\u00f3n es un derecho humano fundamental, como ya ha sido reconocido por organismos internacionales de derechos humanos y en muchas constituciones nacionales de todo el mundo\u00bb<\/em>, declar\u00f3 Darbishire.<\/p>\n<p>Organizaciones de la sociedad civil, acad\u00e9micos, archiveros y representantes de las comunidades aut\u00f3nomas y del Consejo de Transparencia acogieron con satisfacci\u00f3n el nuevo Plan de Acci\u00f3n, que refleja el esfuerzo colectivo de los \u00faltimos meses para co-crear los 17 compromisos de transparencia, participaci\u00f3n e integridad, a pesar de los obst\u00e1culos planteados por la pandemia.<\/p>\n<p><em>\u201cYa sean datos para combatir la corrupci\u00f3n, o datos necesarios para comprender la toma de decisiones sobre la gesti\u00f3n de la crisis del coronavirus, la ciudadan\u00eda espa\u00f1ola pide una mayor transparencia, y este Plan de Acci\u00f3n refleja el compromiso del gobierno de ofrecer una mayor apertura y responsabilidad\u201d<\/em>, a\u00f1adi\u00f3 Darbishire.<\/p>\n<p>Durante el transcurso de este a\u00f1o, Access Info coordin\u00f3 las aportaciones de los miembros de la Coalici\u00f3n Pro Acceso al proceso de dise\u00f1o del Plan de Acci\u00f3n, organizando votaciones sobre las prioridades y trasladando estas recomendaciones al Foro de Gobierno Abierto. En las fases finales de debate p\u00fablico y consulta, entre septiembre y octubre de 2020, se incluyeron mejoras en el Plan de Acci\u00f3n que muestran las aportaciones de la sociedad civil.<\/p>\n<p>Para tener m\u00e1s informaci\u00f3n sobre el IV Plan de Acci\u00f3n y todo su proceso de formaci\u00f3n, ingresa <a href=\"https:\/\/transparencia.gob.es\/transparencia\/transparencia_Home\/index\/Gobierno-abierto\/ivPlanAccion\/Proceso_elaboracion_IV_Plan.html#Final\">aqu\u00ed.<\/a><\/p>\n<p>&nbsp;<\/p>\n<p style=\"text-align: center;\"><em>Imagen: <a href=\"https:\/\/www.flickr.com\/photos\/7718047@N08\/14842963941\/in\/photolist-oBC54p-8ZG8Z1-2imKBXc-TUoi58-deS1vk-U2AJLJ-27tJJn9-27y3zGH-XC1iEK-b7PfC8-2iYxEcr-27tJMij-26bhEBP-2irWCr6-27tJLcw-nk5WtY-9Zehv1-2ivuevz-c8qYVL-2ivsSgX-5j12SA-ooGTM-jumAxS-26bhQ2k-26bhNgB-ai1Syj-p7JH4b-TS3M2J-fXJYGg-5iVKma-5j12Y9-2ivu6Hq-26rRLX8-bE3t9n-9ZbmJi-5iVJtg-egEV7g-TUojpc-bTuggK-EyZaa-9vXCk1-6KTa9k-2ivvKz5-T4U9JC-h2KYAw-6WrUoE-aCqJm9-2ivuegM-4sQTff-CEuxUE\" target=\"_blank\" rel=\"noopener noreferrer\">Plaza de Espa\u00f1a (Sevilla)<\/a>, <a href=\"https:\/\/www.flickr.com\/photos\/7718047@N08\/\" target=\"_blank\" rel=\"noopener noreferrer\">David Marcos Moreno<\/a>\u00a0v\u00eda Flickr (<a href=\"https:\/\/creativecommons.org\/licenses\/by-nc-nd\/2.0\/\" target=\"_blank\" rel=\"noopener noreferrer\">CC BY-NC-ND 2.0<\/a>)<\/em><\/p>\n","protected":false},"excerpt":{"rendered":"<p>Madrid, 30 de octubre de 2020 \u2013 Espa\u00f1a ha aprobado su IV Plan de Acci\u00f3n de Gobierno Abierto, un ambicioso proyecto de cuatro a\u00f1os, que incluye propuestas de Access Info Europe como la reforma de la Ley de Transparencia, la ratificaci\u00f3n del Convenio del Consejo de Europa sobre el Acceso a los Documentos P\u00fablicos, la regulaci\u00f3n de lobbies y la protecci\u00f3n de alertadores.<\/p>\n","protected":false},"author":6,"featured_media":34372,"comment_status":"closed","ping_status":"closed","sticky":false,"template":"","format":"standard","meta":{"footnotes":""},"categories":[82,64,83],"tags":[],"class_list":["post-34364","post","type-post","status-publish","format-standard","has-post-thumbnail","hentry","category-ogs-es","category-frontpage-es","category-esp-es"],"_links":{"self":[{"href":"https:\/\/www.access-info.org\/es\/wp-json\/wp\/v2\/posts\/34364","targetHints":{"allow":["GET"]}}],"collection":[{"href":"https:\/\/www.access-info.org\/es\/wp-json\/wp\/v2\/posts"}],"about":[{"href":"https:\/\/www.access-info.org\/es\/wp-json\/wp\/v2\/types\/post"}],"author":[{"embeddable":true,"href":"https:\/\/www.access-info.org\/es\/wp-json\/wp\/v2\/users\/6"}],"replies":[{"embeddable":true,"href":"https:\/\/www.access-info.org\/es\/wp-json\/wp\/v2\/comments?post=34364"}],"version-history":[{"count":4,"href":"https:\/\/www.access-info.org\/es\/wp-json\/wp\/v2\/posts\/34364\/revisions"}],"predecessor-version":[{"id":34423,"href":"https:\/\/www.access-info.org\/es\/wp-json\/wp\/v2\/posts\/34364\/revisions\/34423"}],"wp:featuredmedia":[{"embeddable":true,"href":"https:\/\/www.access-info.org\/es\/wp-json\/wp\/v2\/media\/34372"}],"wp:attachment":[{"href":"https:\/\/www.access-info.org\/es\/wp-json\/wp\/v2\/media?parent=34364"}],"wp:term":[{"taxonomy":"category","embeddable":true,"href":"https:\/\/www.access-info.org\/es\/wp-json\/wp\/v2\/categories?post=34364"},{"taxonomy":"post_tag","embeddable":true,"href":"https:\/\/www.access-info.org\/es\/wp-json\/wp\/v2\/tags?post=34364"}],"curies":[{"name":"wp","href":"https:\/\/api.w.org\/{rel}","templated":true}]}}