{"id":34743,"date":"2020-12-18T10:48:37","date_gmt":"2020-12-18T09:48:37","guid":{"rendered":"https:\/\/www.access-info.org\/blog\/2020\/12\/18\/euco-end-corporate-lobbying\/"},"modified":"2021-02-26T12:04:25","modified_gmt":"2021-02-26T11:04:25","slug":"euco-end-corporate-lobbying","status":"publish","type":"post","link":"https:\/\/www.access-info.org\/es\/2020-12-18\/euco-end-corporate-lobbying\/","title":{"rendered":"Se insta al Consejo de la UE a poner fin al lobby empresarial"},"content":{"rendered":"<p><em>Madrid, 18 de diciembre de 2020<\/em> \u2013<strong> Access Info Europe se ha unido hoy a Corporate Europe Observatory, Transpar\u00eancia e Integridade y a otras 63 organizaciones de la sociedad civil de toda Europa, para pedir a la pr\u00f3xima Presidencia portuguesa de la Uni\u00f3n Europea que impulse la tan necesaria transparencia de los <em>lobbies,<\/em> la rendici\u00f3n de cuentas y las reformas democr\u00e1ticas en el Consejo.<\/strong><strong>\u00a0<\/strong><\/p>\n<p>En una <a href=\"https:\/\/www.access-info.org\/wp-content\/uploads\/2020-12-16-Portugal-EU-Presidency.pdf\" target=\"_blank\" rel=\"noopener noreferrer\">carta abierta<\/a>\u00a0enviada al Primer Ministro portugu\u00e9s, Ant\u00f3nio Costa, los firmantes advirtieron sobre la amenaza al Estado de Derecho y los valores democr\u00e1ticos en algunos pa\u00edses de la UE. Instaron al Gobierno portugu\u00e9s, que presidir\u00e1 el Consejo de la UE durante 6 meses a partir del 1 de enero de 2021, a que la toma de decisiones y los <em>lobbies<\/em> sean transparentes, garantizando que el p\u00fablico pueda ver c\u00f3mo evolucionan los expedientes en el Consejo, las posiciones de sus gobiernos y qu\u00e9 acuerdos quid pro quo se han alcanzado.<\/p>\n<p>Asimismo, las organizaciones instaron a la Presidencia de la UE a pedir una democracia m\u00e1s fuerte y a considerar el inter\u00e9s p\u00fablico como una clara prioridad para abordar sus tres desaf\u00edos urgentes, que son: la pandemia del coronavirus y sus consecuencias sanitarias, econ\u00f3micas y sociales; la desigualdad; y la crisis clim\u00e1tica.<\/p>\n<p><em> \u201cEn este momento cr\u00edtico para la democracia europea, frente al auge del populismo y el nacionalismo, es imperativo que el Consejo de la UE y los Estados miembros sean completamente abiertos y permitan una verdadera participaci\u00f3n ciudadana\u201d, afirm\u00f3<\/em><em>\u00a0<\/em>Helen Darbishire, Directora Ejecutiva de Access Info.<\/p>\n<p>Las organizaciones reclaman a la Presidencia portuguesa del Consejo de la UE que:<\/p>\n<ul>\n<li><strong>Garantice que la Presidencia de la UE no se utiliza para defender a las grandes empresas por encima del inter\u00e9s p\u00fablico<\/strong>. El Gobierno portugu\u00e9s debe poner fin al acceso privilegiado de los intereses corporativos y a las consultas pol\u00edticas exclusivamente empresariales, durante su Presidencia de la UE y despu\u00e9s;<\/li>\n<li><strong>Haga p\u00fablica la toma de decisiones de la UE publicando sus posiciones propuestas sobre las nuevas leyes y pol\u00edticas de la UE antes de que se discutan en las reuniones del Consejo, para permitir el escrutinio por parte de los ciudadanos y los diputados<\/strong>. Los ciudadanos deber\u00edan poder conocer la posici\u00f3n de su gobierno en la toma de decisiones sobre asuntos de la UE y tener voz y voto en ella<\/li>\n<li>Predicar con el ejemplo y proporcionar una <strong>total transparencia de las reuniones mantenidas con lobistas<\/strong> por parte del Gobierno, una huella legislativa y un registro de <em>lobbies<\/em> a nivel mundial;<\/li>\n<li><strong>Rechazar todas las formas de patrocinio para su Presidencia y cualquiera de sus actividades<\/strong>, e instar a los estados miembros de la UE a que hagan lo mismo en el futuro.<\/li>\n<\/ul>\n<p>&nbsp;<\/p>\n<p><strong>La carta \u00edntegra en ingl\u00e9s est\u00e1 disponible <a href=\"https:\/\/www.access-info.org\/wp-content\/uploads\/2020-12-16-Portugal-EU-Presidency.pdf\" target=\"_blank\" rel=\"noopener noreferrer\">aqu\u00ed<\/a><\/strong><\/p>\n","protected":false},"excerpt":{"rendered":"<p>Access Info Europe today joined Corporate Europe Observatory, Transpar\u00eancia e Integridade and 63 other civil society organisations from across Europe, calling on the incoming Portuguese Presidency of the European Union to push for much needed lobby transparency, accountability and democratic reforms within the Council.<\/p>\n","protected":false},"author":6,"featured_media":34485,"comment_status":"closed","ping_status":"closed","sticky":false,"template":"","format":"standard","meta":{"footnotes":""},"categories":[64,61,202],"tags":[],"class_list":["post-34743","post","type-post","status-publish","format-standard","has-post-thumbnail","hentry","category-frontpage-es","category-eut-es","category-dmt-es"],"_links":{"self":[{"href":"https:\/\/www.access-info.org\/es\/wp-json\/wp\/v2\/posts\/34743","targetHints":{"allow":["GET"]}}],"collection":[{"href":"https:\/\/www.access-info.org\/es\/wp-json\/wp\/v2\/posts"}],"about":[{"href":"https:\/\/www.access-info.org\/es\/wp-json\/wp\/v2\/types\/post"}],"author":[{"embeddable":true,"href":"https:\/\/www.access-info.org\/es\/wp-json\/wp\/v2\/users\/6"}],"replies":[{"embeddable":true,"href":"https:\/\/www.access-info.org\/es\/wp-json\/wp\/v2\/comments?post=34743"}],"version-history":[{"count":3,"href":"https:\/\/www.access-info.org\/es\/wp-json\/wp\/v2\/posts\/34743\/revisions"}],"predecessor-version":[{"id":34746,"href":"https:\/\/www.access-info.org\/es\/wp-json\/wp\/v2\/posts\/34743\/revisions\/34746"}],"wp:featuredmedia":[{"embeddable":true,"href":"https:\/\/www.access-info.org\/es\/wp-json\/wp\/v2\/media\/34485"}],"wp:attachment":[{"href":"https:\/\/www.access-info.org\/es\/wp-json\/wp\/v2\/media?parent=34743"}],"wp:term":[{"taxonomy":"category","embeddable":true,"href":"https:\/\/www.access-info.org\/es\/wp-json\/wp\/v2\/categories?post=34743"},{"taxonomy":"post_tag","embeddable":true,"href":"https:\/\/www.access-info.org\/es\/wp-json\/wp\/v2\/tags?post=34743"}],"curies":[{"name":"wp","href":"https:\/\/api.w.org\/{rel}","templated":true}]}}