{"id":35460,"date":"2021-05-21T12:29:02","date_gmt":"2021-05-21T10:29:02","guid":{"rendered":"https:\/\/www.access-info.org\/?p=35460"},"modified":"2021-05-31T10:18:14","modified_gmt":"2021-05-31T08:18:14","slug":"gobierno-abierto-y-medios-de-comunicacion","status":"publish","type":"post","link":"https:\/\/www.access-info.org\/es\/2021-05-21\/gobierno-abierto-y-medios-de-comunicacion\/","title":{"rendered":"Gobierno Abierto y Medios de Comunicaci\u00f3n"},"content":{"rendered":"<p><strong>Fecha:\u00a0<\/strong><br \/>\n21\/05\/2021<\/p>\n<p>En el marco de la Semana de Gobierno Abierto, celebrada del 17 al 21 de mayo, el <a href=\"https:\/\/www.inap.es\/\" target=\"_blank\" rel=\"noopener noreferrer\">Instituto Nacional de Administraci\u00f3n P\u00fablica<\/a> acogi\u00f3 el evento titulado Gobierno Abierto y Medios de Comunicaci\u00f3n.<\/p>\n<p>Helen Darbishire, Directora Ejecutiva de Access Info Europe, asisti\u00f3 a este taller coordinado por Cristina Monge Lasierra, Profesora Asociada de Sociolog\u00eda de la Universidad de Zaragoza y\u00a0 Vicepresidenta del Foro de Gobierno Abierto.<\/p>\n<p>Presentaron el evento Consuelo S\u00e1nchez Naranjo, Directora General del INAP, y \u00a0Olivi\u00e9 Bay\u00f3n C\u00e9spedes, Director General de Gobernanza P\u00fablica del Ministerio de Pol\u00edtica Territorial y Funci\u00f3n P\u00fablica.<\/p>\n<p>Asimismo, estuvieron invitados;<\/p>\n<ul>\n<li>Isabel Moya P\u00e9rez, Subdirectora General de Gobierno Abierto;<\/li>\n<li>Joaqu\u00edn Meseguer Yebra, Director General de Transparencia y Buen Gobierno. Junta de Castilla y Le\u00f3n;<\/li>\n<li>Juli\u00e1n A. Prior Cabanillas, Coordinador de \u00c1rea de acceso a la informaci\u00f3n p\u00fablica. DG. Gobernanza P\u00fablica;<\/li>\n<li>J. Ignacio Criado Grande, Profesor de Ciencia Pol\u00edtica. Universidad Aut\u00f3noma de Madrid. Miembro del Foro de Gobierno Abierto;<\/li>\n<li>Silvina Bacigalupo Saggese, Presidenta de Transparencia Internacional Espa\u00f1a. Miembro del Foro de Gobierno Abierto;<\/li>\n<li>Manuel Villoria Mendieta, Catedr\u00e1tico de Ciencia Pol\u00edtica y de la Administraci\u00f3n de la Universidad Rey Juan Carlos. Miembro de Transparencia Internacional Espa\u00f1a. Miembro del Foro de Gobierno Abierto;<\/li>\n<li>Ignacio Corredor Sola, Polit\u00f3logo y consultor;<\/li>\n<li>\u00a0Pilar Velasco Acedo, Periodista. Fundadora y miembro de la Junta Directiva de la Asociaci\u00f3n de Periodistas de Investigaci\u00f3n;<\/li>\n<li>Jos\u00e9 Manuel Sanz Mingote, Periodista, Director de Informaci\u00f3n de Agencia EFE;<\/li>\n<li>Isabel Serrano Herrera, Coordinadora de 20 Minutos Barcelona;<\/li>\n<li>Milagros P\u00e9rez Oliva, Periodista; y<\/li>\n<li>Nemesio Rodr\u00edguez L\u00f3pez, Periodista. Presidente de FAPE.<\/li>\n<\/ul>\n","protected":false},"excerpt":{"rendered":"<p>Fecha:\u00a0 21\/05\/2021 En el marco de la Semana de Gobierno Abierto, celebrada del 17 al 21 de mayo, el Instituto Nacional de Administraci\u00f3n P\u00fablica acogi\u00f3 el evento titulado Gobierno Abierto y Medios de Comunicaci\u00f3n. Helen Darbishire, Directora Ejecutiva de Access Info Europe, asisti\u00f3 a este taller coordinado por Cristina Monge Lasierra, Profesora Asociada de Sociolog\u00eda de la Universidad de Zaragoza y\u00a0 Vicepresidenta del Foro de Gobierno Abierto. Presentaron el evento Consuelo S\u00e1nchez Naranjo, Directora General del INAP, y \u00a0Olivi\u00e9 Bay\u00f3n C\u00e9spedes, Director General de Gobernanza P\u00fablica del Ministerio de Pol\u00edtica Territorial y Funci\u00f3n P\u00fablica. Asimismo, estuvieron invitados; Isabel Moya P\u00e9rez,<\/p>\n","protected":false},"author":6,"featured_media":35551,"comment_status":"closed","ping_status":"closed","sticky":false,"template":"","format":"standard","meta":{"footnotes":""},"categories":[93],"tags":[],"class_list":["post-35460","post","type-post","status-publish","format-standard","has-post-thumbnail","hentry","category-events-es"],"_links":{"self":[{"href":"https:\/\/www.access-info.org\/es\/wp-json\/wp\/v2\/posts\/35460","targetHints":{"allow":["GET"]}}],"collection":[{"href":"https:\/\/www.access-info.org\/es\/wp-json\/wp\/v2\/posts"}],"about":[{"href":"https:\/\/www.access-info.org\/es\/wp-json\/wp\/v2\/types\/post"}],"author":[{"embeddable":true,"href":"https:\/\/www.access-info.org\/es\/wp-json\/wp\/v2\/users\/6"}],"replies":[{"embeddable":true,"href":"https:\/\/www.access-info.org\/es\/wp-json\/wp\/v2\/comments?post=35460"}],"version-history":[{"count":1,"href":"https:\/\/www.access-info.org\/es\/wp-json\/wp\/v2\/posts\/35460\/revisions"}],"predecessor-version":[{"id":35465,"href":"https:\/\/www.access-info.org\/es\/wp-json\/wp\/v2\/posts\/35460\/revisions\/35465"}],"wp:featuredmedia":[{"embeddable":true,"href":"https:\/\/www.access-info.org\/es\/wp-json\/wp\/v2\/media\/35551"}],"wp:attachment":[{"href":"https:\/\/www.access-info.org\/es\/wp-json\/wp\/v2\/media?parent=35460"}],"wp:term":[{"taxonomy":"category","embeddable":true,"href":"https:\/\/www.access-info.org\/es\/wp-json\/wp\/v2\/categories?post=35460"},{"taxonomy":"post_tag","embeddable":true,"href":"https:\/\/www.access-info.org\/es\/wp-json\/wp\/v2\/tags?post=35460"}],"curies":[{"name":"wp","href":"https:\/\/api.w.org\/{rel}","templated":true}]}}