{"id":35965,"date":"2020-10-16T17:19:23","date_gmt":"2020-10-16T15:19:23","guid":{"rendered":"https:\/\/www.access-info.org\/?p=35965"},"modified":"2021-08-27T17:55:10","modified_gmt":"2021-08-27T15:55:10","slug":"comparecencia-ante-el-parlamento-catalan","status":"publish","type":"post","link":"https:\/\/www.access-info.org\/es\/2020-10-16\/comparecencia-ante-el-parlamento-catalan\/","title":{"rendered":"Comparecencia de Helen Darbishire ante el Parlamento catal\u00e1n"},"content":{"rendered":"<p><strong>Fecha:<\/strong><br \/>\n16\/10\/2020<\/p>\n<p>La directora de Access Info Europe, Helen Darbishire, intervino ante el Parlamento catal\u00e1n sobre la Propuesta de Ley de Protecci\u00f3n de Alertadores en el \u00e1mbito competencial del gobierno de Catalu\u00f1a.<\/p>\n<p>Access Info ha realizado diferentes acciones en favor de un proyecto estatal que proteja a los denunciantes de la corrupci\u00f3n, as\u00ed como de un proceso legislativo participativo para <a href=\"https:\/\/www.access-info.org\/es\/2020-07-02\/espana-transposicion-directiva-proteccion-alertadores\/\" target=\"_blank\" rel=\"noopener\">transponer la Directiva Europa 2019\/1937<\/a> en esta materia.<\/p>\n<p><em>\u201cProteger a las personas alertadoras es prevenir y luchar contra la corrupci\u00f3n, defender el medioambiente y respetar los Derechos Humanos\u201d<\/em>, declar\u00f3 Darbishire.<\/p>\n","protected":false},"excerpt":{"rendered":"<p>Fecha: 16\/10\/2020 La directora de Access Info Europe, Helen Darbishire, intervino ante el Parlamento catal\u00e1n sobre la Propuesta de Ley de Protecci\u00f3n de Alertadores en el \u00e1mbito competencial del gobierno de Catalu\u00f1a. Access Info ha realizado diferentes acciones en favor de un proyecto estatal que proteja a los denunciantes de la corrupci\u00f3n, as\u00ed como de un proceso legislativo participativo para transponer la Directiva Europa 2019\/1937 en esta materia. \u201cProteger a las personas alertadoras es prevenir y luchar contra la corrupci\u00f3n, defender el medioambiente y respetar los Derechos Humanos\u201d, declar\u00f3 Darbishire.<\/p>\n","protected":false},"author":6,"featured_media":0,"comment_status":"closed","ping_status":"closed","sticky":false,"template":"","format":"standard","meta":{"footnotes":""},"categories":[93],"tags":[],"class_list":["post-35965","post","type-post","status-publish","format-standard","hentry","category-events-es"],"_links":{"self":[{"href":"https:\/\/www.access-info.org\/es\/wp-json\/wp\/v2\/posts\/35965","targetHints":{"allow":["GET"]}}],"collection":[{"href":"https:\/\/www.access-info.org\/es\/wp-json\/wp\/v2\/posts"}],"about":[{"href":"https:\/\/www.access-info.org\/es\/wp-json\/wp\/v2\/types\/post"}],"author":[{"embeddable":true,"href":"https:\/\/www.access-info.org\/es\/wp-json\/wp\/v2\/users\/6"}],"replies":[{"embeddable":true,"href":"https:\/\/www.access-info.org\/es\/wp-json\/wp\/v2\/comments?post=35965"}],"version-history":[{"count":2,"href":"https:\/\/www.access-info.org\/es\/wp-json\/wp\/v2\/posts\/35965\/revisions"}],"predecessor-version":[{"id":35967,"href":"https:\/\/www.access-info.org\/es\/wp-json\/wp\/v2\/posts\/35965\/revisions\/35967"}],"wp:attachment":[{"href":"https:\/\/www.access-info.org\/es\/wp-json\/wp\/v2\/media?parent=35965"}],"wp:term":[{"taxonomy":"category","embeddable":true,"href":"https:\/\/www.access-info.org\/es\/wp-json\/wp\/v2\/categories?post=35965"},{"taxonomy":"post_tag","embeddable":true,"href":"https:\/\/www.access-info.org\/es\/wp-json\/wp\/v2\/tags?post=35965"}],"curies":[{"name":"wp","href":"https:\/\/api.w.org\/{rel}","templated":true}]}}