{"id":36293,"date":"2021-09-28T10:48:49","date_gmt":"2021-09-28T08:48:49","guid":{"rendered":"https:\/\/www.access-info.org\/?p=36293"},"modified":"2021-09-28T10:48:49","modified_gmt":"2021-09-28T08:48:49","slug":"espana-cpa-derecho","status":"publish","type":"post","link":"https:\/\/www.access-info.org\/es\/2021-09-28\/espana-cpa-derecho\/","title":{"rendered":"Espa\u00f1a: La Coalici\u00f3n Pro Acceso reitera al Gobierno que reconozca como derecho fundamental el acceso a la informaci\u00f3n"},"content":{"rendered":"<p><em>Alicante, 28 de septiembre de 2021<\/em> \u2013 <strong>En el D\u00eda Internacional del Acceso Universal a la informaci\u00f3n, Access Info Europe y otras 35 organizaciones de la <a href=\"https:\/\/www.proacceso.org\/\" target=\"_blank\" rel=\"noopener\">Coalici\u00f3n Pro Acceso <\/a><\/strong><strong>han publicado una Declaraci\u00f3n que exige al Gobierno de Espa\u00f1a el reconocimiento del derecho de acceso a la informaci\u00f3n como un derecho fundamental y la adopci\u00f3n de una ley org\u00e1nica de transparencia que se aplique a todos los poderes p\u00fablicos, as\u00ed como a las entidades privadas que realicen funciones p\u00fablicas y\/u operen mayoritariamente con recursos p\u00fablicos.<\/strong><\/p>\n<p>Entre las 18 demandas contenidas en la <a href=\"https:\/\/www.access-info.org\/wp-content\/uploads\/2021-Declaracion-del-Dia-Internacional-CPA-CIT-2.pdf\" target=\"_blank\" rel=\"noopener\">Declaraci\u00f3n de la Coalici\u00f3n Pro Acceso<\/a>, presentada en el marco del VI Congreso Internacional de Transparencia (Alicante, 27-29 de septiembre de 2021), se incluye la eliminaci\u00f3n de cualquier condici\u00f3n que sea un obst\u00e1culo para el ejercicio del derecho, especialmente el requerimiento de que los solicitantes se identifiquen.<\/p>\n<p>La Declaraci\u00f3n destaca la importancia de la ratificaci\u00f3n por parte del Gobierno de Espa\u00f1a del Convenio del Consejo de Europa sobre el Acceso a los Documentos P\u00fablicos y, con ello, la eliminaci\u00f3n de las \u201ccausas de inadmisi\u00f3n\u201d que violan los est\u00e1ndares internacionales, al excluir la posibilidad de solicitar informaci\u00f3n considerada auxiliar, tal como, informes \u201cinternos\u201d y comunicaciones entre administraciones p\u00fablicas.<\/p>\n<p>Una prioridad para la sociedad civil espa\u00f1ola, en el contexto de lo experimentado este 2021, es asegurar la publicaci\u00f3n proactiva del uso de los fondos europeos de recuperaci\u00f3n, as\u00ed como la apertura del Registro Mercantil, siendo una herramienta esencial en la lucha contra la corrupci\u00f3n con respecto a la distribuci\u00f3n de estos fondos.<\/p>\n<p>Como un reflejo de las prioridades de la sociedad en este momento, las ONG de la Coalici\u00f3n Pro Acceso exigen una mayor publicaci\u00f3n de las medidas dise\u00f1adas para frenar el cambio clim\u00e1tico. As\u00ed como la demanda de garantizar la transparencia de las investigaciones cient\u00edficas y del uso de algoritmos en la toma de decisiones.<\/p>\n<p>Helen Darbishire, Directora Ejecutiva de Access Info Europe, ha subrayado:<\/p>\n<p><em>\u201cLa pandemia nos ha ense\u00f1ado la importancia de tener informaci\u00f3n y datos accesibles, en lenguaje sencillo y en formatos abiertos, para toda la sociedad. La transparencia ser\u00e1 imprescindible para salir bien de la crisis y estar preparados para enfrentarnos al cambio clim\u00e1tico\u201d.<\/em><\/p>\n<p>Patricia Gonz\u00e1lez, Investigadora Legal de Access Info, explic\u00f3:<\/p>\n<p><em>\u201cMuchas de las demandas de la Declaraci\u00f3n son actualmente compromisos del IV Plan de Acci\u00f3n de Gobierno Abierto. Sin embargo, observamos que algunas actividades no han comenzado o van con retraso. Es un plan muy ambicioso, pero si no se inician ahora mismo las acciones realmente relevantes, muchos de los compromisos ser\u00e1n papel mojado\u201d.<\/em><\/p>\n<p>La Coalici\u00f3n recuerda que la falta de reconocimiento del acceso a la informaci\u00f3n como derecho fundamental ha derivado en una ley que no garantiza tener acceso a toda la informaci\u00f3n en manos de las entidades p\u00fablicas y relacionadas a \u00e9sta. Tambi\u00e9n ha tra\u00eddo como consecuencia un complejo marco jur\u00eddico que, en muchos casos, los ciudadanos desconocen.<\/p>\n<p>La Declaraci\u00f3n hace un llamamiento para reforzar al Consejo de Transparencia y Buen Gobierno y a los \u00f3rganos auton\u00f3micos an\u00e1logos, para que cuenten con las suficientes facultades para sancionar a todos aquellos que incumplan la ley, adem\u00e1s de la necesidad de dotarlos de recursos suficientes para que puedan ejercer esas funciones.<\/p>\n<p>Para ver el contenido completo de la Declaraci\u00f3n de la Coalici\u00f3n Pro Acceso, pinche <a href=\"https:\/\/www.access-info.org\/wp-content\/uploads\/2021-Declaracion-del-Dia-Internacional-CPA-CIT-2.pdf\">aqu\u00ed<\/a>.<\/p>\n<h1><strong><span style=\"font-size: 14pt;\">Para m\u00e1s informaci\u00f3n, por favor, p\u00f3ngase en contacto con:<\/span><\/strong><\/h1>\n<p><strong>Helen Darbishire, Executive Director<\/strong> | Access Info Europe<br \/>\nTel\u00e9fono +34 667 685 319<\/p>\n<p><strong>Patricia Gonz\u00e1lez, Legal Researcher &amp; Campaigner<\/strong> | Access Info Europe<br \/>\nTel\u00e9fonos +34 913 656 558<\/p>\n","protected":false},"excerpt":{"rendered":"<p>Alicante, 28 de septiembre de 2021 \u2013 En el D\u00eda Internacional del Acceso Universal a la informaci\u00f3n, Access Info Europe y otras 35 organizaciones de la Coalici\u00f3n Pro Acceso han publicado una Declaraci\u00f3n que exige al Gobierno de Espa\u00f1a el reconocimiento del derecho de acceso a la informaci\u00f3n como un derecho fundamental y la adopci\u00f3n de una ley org\u00e1nica de transparencia que se aplique a todos los poderes p\u00fablicos, as\u00ed como a las entidades privadas que realicen funciones p\u00fablicas y\/u operen mayoritariamente con recursos p\u00fablicos. Entre las 18 demandas contenidas en la Declaraci\u00f3n de la Coalici\u00f3n Pro Acceso, presentada en<\/p>\n","protected":false},"author":6,"featured_media":36301,"comment_status":"closed","ping_status":"closed","sticky":false,"template":"","format":"standard","meta":{"footnotes":""},"categories":[64,83],"tags":[],"class_list":["post-36293","post","type-post","status-publish","format-standard","has-post-thumbnail","hentry","category-frontpage-es","category-esp-es"],"_links":{"self":[{"href":"https:\/\/www.access-info.org\/es\/wp-json\/wp\/v2\/posts\/36293","targetHints":{"allow":["GET"]}}],"collection":[{"href":"https:\/\/www.access-info.org\/es\/wp-json\/wp\/v2\/posts"}],"about":[{"href":"https:\/\/www.access-info.org\/es\/wp-json\/wp\/v2\/types\/post"}],"author":[{"embeddable":true,"href":"https:\/\/www.access-info.org\/es\/wp-json\/wp\/v2\/users\/6"}],"replies":[{"embeddable":true,"href":"https:\/\/www.access-info.org\/es\/wp-json\/wp\/v2\/comments?post=36293"}],"version-history":[{"count":12,"href":"https:\/\/www.access-info.org\/es\/wp-json\/wp\/v2\/posts\/36293\/revisions"}],"predecessor-version":[{"id":36321,"href":"https:\/\/www.access-info.org\/es\/wp-json\/wp\/v2\/posts\/36293\/revisions\/36321"}],"wp:featuredmedia":[{"embeddable":true,"href":"https:\/\/www.access-info.org\/es\/wp-json\/wp\/v2\/media\/36301"}],"wp:attachment":[{"href":"https:\/\/www.access-info.org\/es\/wp-json\/wp\/v2\/media?parent=36293"}],"wp:term":[{"taxonomy":"category","embeddable":true,"href":"https:\/\/www.access-info.org\/es\/wp-json\/wp\/v2\/categories?post=36293"},{"taxonomy":"post_tag","embeddable":true,"href":"https:\/\/www.access-info.org\/es\/wp-json\/wp\/v2\/tags?post=36293"}],"curies":[{"name":"wp","href":"https:\/\/api.w.org\/{rel}","templated":true}]}}