{"id":36550,"date":"2022-01-26T16:27:03","date_gmt":"2022-01-26T15:27:03","guid":{"rendered":"https:\/\/www.access-info.org\/?p=36550"},"modified":"2022-09-06T13:30:37","modified_gmt":"2022-09-06T11:30:37","slug":"llamado-a-la-transparencia-en-la-seleccion-de-la-direccion-de-la-agencia-espanola-de-proteccion-de-datos","status":"publish","type":"post","link":"https:\/\/www.access-info.org\/es\/2022-01-26\/llamado-a-la-transparencia-en-la-seleccion-de-la-direccion-de-la-agencia-espanola-de-proteccion-de-datos\/","title":{"rendered":"Llamado a la transparencia en la selecci\u00f3n de la Direcci\u00f3n de la Agencia Espa\u00f1ola de Protecci\u00f3n de Datos"},"content":{"rendered":"<p><em>Madrid, 26 de enero de 2022 \u2013 <\/em>Access Info pide al Gobierno espa\u00f1ol que garantice un proceso transparente y basado en los m\u00e9ritos para la selecci\u00f3n del Presidente\/a y Presidente\/a Adjunto\/a de la Agencia Espa\u00f1ola de Protecci\u00f3n de Datos.<\/p>\n<p>La preocupaci\u00f3n sobre este proceso ha surgido despu\u00e9s de que salieran a la luz alegaciones de que los dos principales partidos pol\u00edticos (PSOE y PP) hab\u00edan llegado a un acuerdo sobre qui\u00e9nes obtendr\u00edan los cargos (un candidato del PSOE, en el gobierno, para el puesto de Presidente\/a y un candidato del PP, en la oposici\u00f3n, para el puesto de Presidente\/a Adjunto\/a).<\/p>\n<p>Esto ha provocado la advertencia del Supervisor Europeo de Protecci\u00f3n de Datos, Wojciech Wiewi\u00f3rowski, que declar\u00f3 al diario El Pa\u00eds que <em>\u201cla UE no descarta intervenir en caso de que finalmente salgan elegidos los candidatos acordados por el PSOE y PP\u201d. <\/em>A\u00f1adi\u00f3 que<em> \u201cLa influencia pol\u00edtica en las autoridades de protecci\u00f3n de datos ha aumentado en algunos pa\u00edses en los \u00faltimos a\u00f1os. Y eso suele ser extremadamente peligroso\u201d.<\/em><\/p>\n<p>Hasta ahora, el proceso se ha realizado siguiendo las normas establecidas en la legislaci\u00f3n espa\u00f1ola (la Ley Org\u00e1nica 3\/2018, de Protecci\u00f3n de Datos Personales y Garant\u00eda de los Derechos Digitales), que establece claramente una selecci\u00f3n basada en los m\u00e9ritos por parte de un comit\u00e9 de expertos tras una convocatoria abierta. Este comit\u00e9 se cre\u00f3 en noviembre de 2021 y ha publicado la selecci\u00f3n inicial de candidatos [1]<em>. <\/em><\/p>\n<p>Access Info insta al Gobierno a que garantice la transparencia del informe que se presentar\u00e1 al Congreso, y a que garantice que las audiencias celebradas por la Comisi\u00f3n de Justicia del Congreso sean abiertas, as\u00ed como que los candidatos sean seleccionados por sus m\u00e9ritos.<\/p>\n<p><em>\u201cDada la preocupaci\u00f3n que pesa sobre este proceso, es especialmente importante que haya plena transparencia en torno a los pr\u00f3ximos pasos\u201d, <\/em>coment\u00f3 Helen Darbishire, Directora Ejecutiva de Access Info Europe.<\/p>\n<p><em>\u201cEs imperativo que el p\u00fablico espa\u00f1ol pueda confiar en que las personas que supervisan la protecci\u00f3n de sus datos personales sean los candidatos mejor cualificados y que hayan sido elegidos por sus m\u00e9ritos y no est\u00e9n en deuda con ning\u00fan partido pol\u00edtico\u201d, <\/em>concluy\u00f3 Darbishire.<\/p>\n<p><strong>Notas para los editores <\/strong><\/p>\n<p>[1] Consulte <a href=\"https:\/\/www.mjusticia.gob.es\/es\/ciudadania\/empleo-publico\/Proceso-selectivo-para-la-designaci%C3%B3n-de-la-Presidencia\">aqu\u00ed<\/a> la informaci\u00f3n completa sobre el proceso hasta la fecha.<\/p>\n<h3><span style=\"color: #3391d4;\">Para m\u00e1s informaci\u00f3n, por favor, p\u00f3ngase en contacto con<\/span><\/h3>\n<p><strong>Helen Darbishire, Executive Director<\/strong>\u00a0| Access Info Europe<br \/>\nTelephone: +34 667 685 319<\/p>\n<p><strong>Patricia Gonz\u00e1lez, Legal Researcher &amp; Campaigner<\/strong>\u00a0| Access Info Europe<br \/>\nTelephone: +34 637 22 66 09<\/p>\n","protected":false},"excerpt":{"rendered":"<p>Madrid, 26 de enero de 2022 \u2013 Access Info pide al Gobierno espa\u00f1ol que garantice un proceso transparente y basado en los m\u00e9ritos para la selecci\u00f3n del Presidente\/a y Presidente\/a Adjunto\/a de la Agencia Espa\u00f1ola de Protecci\u00f3n de Datos. La preocupaci\u00f3n sobre este proceso ha surgido despu\u00e9s de que salieran a la luz alegaciones de que los dos principales partidos pol\u00edticos (PSOE y PP) hab\u00edan llegado a un acuerdo sobre qui\u00e9nes obtendr\u00edan los cargos (un candidato del PSOE, en el gobierno, para el puesto de Presidente\/a y un candidato del PP, en la oposici\u00f3n, para el puesto de Presidente\/a Adjunto\/a).<\/p>\n","protected":false},"author":6,"featured_media":36549,"comment_status":"closed","ping_status":"closed","sticky":false,"template":"","format":"standard","meta":{"footnotes":""},"categories":[64,83],"tags":[],"class_list":["post-36550","post","type-post","status-publish","format-standard","has-post-thumbnail","hentry","category-frontpage-es","category-esp-es"],"_links":{"self":[{"href":"https:\/\/www.access-info.org\/es\/wp-json\/wp\/v2\/posts\/36550","targetHints":{"allow":["GET"]}}],"collection":[{"href":"https:\/\/www.access-info.org\/es\/wp-json\/wp\/v2\/posts"}],"about":[{"href":"https:\/\/www.access-info.org\/es\/wp-json\/wp\/v2\/types\/post"}],"author":[{"embeddable":true,"href":"https:\/\/www.access-info.org\/es\/wp-json\/wp\/v2\/users\/6"}],"replies":[{"embeddable":true,"href":"https:\/\/www.access-info.org\/es\/wp-json\/wp\/v2\/comments?post=36550"}],"version-history":[{"count":9,"href":"https:\/\/www.access-info.org\/es\/wp-json\/wp\/v2\/posts\/36550\/revisions"}],"predecessor-version":[{"id":37419,"href":"https:\/\/www.access-info.org\/es\/wp-json\/wp\/v2\/posts\/36550\/revisions\/37419"}],"wp:featuredmedia":[{"embeddable":true,"href":"https:\/\/www.access-info.org\/es\/wp-json\/wp\/v2\/media\/36549"}],"wp:attachment":[{"href":"https:\/\/www.access-info.org\/es\/wp-json\/wp\/v2\/media?parent=36550"}],"wp:term":[{"taxonomy":"category","embeddable":true,"href":"https:\/\/www.access-info.org\/es\/wp-json\/wp\/v2\/categories?post=36550"},{"taxonomy":"post_tag","embeddable":true,"href":"https:\/\/www.access-info.org\/es\/wp-json\/wp\/v2\/tags?post=36550"}],"curies":[{"name":"wp","href":"https:\/\/api.w.org\/{rel}","templated":true}]}}