{"id":38451,"date":"2023-01-31T11:33:11","date_gmt":"2023-01-31T10:33:11","guid":{"rendered":"https:\/\/www.access-info.org\/?p=38451"},"modified":"2023-01-31T11:33:11","modified_gmt":"2023-01-31T10:33:11","slug":"malteski-sud-presudio","status":"publish","type":"post","link":"https:\/\/www.access-info.org\/es\/2023-01-31\/malteski-sud-presudio\/","title":{"rendered":"Malte\u0161ki sud presudio u korist organizacije za promicanje i za\u0161titu prava na informacije"},"content":{"rendered":"<p><strong><a href=\"https:\/\/www.portal-ostro.hr\/hr\/pocetna\/\" target=\"_blank\" rel=\"noopener\">O\u0161tro<\/a> | 31\/01\/2023<\/strong><br \/>\n<em>Croatian &#8211; <\/em>\u017dalbeni sud u Malti presudio je u korist Access Info Europe, nevladine organizacije sa sjedi\u0161tem u Madridu, utvrdiv\u0161i da je vlada Malte diskriminirala stranu gra\u0111anku tako \u0161to je prekr\u0161ila njezina prava na pristup informacijama.<br \/>\n<a href=\"https:\/\/www.portal-ostro.hr\/hr\/vijesti\/malteski-sud-presudio-u-korist-access-info?fbclid=IwAR0_cNiuvOc1b7locKhcRv3J4JLceafmtE-2HXnXQ5v1-_l3Wskd4ns2u58\" target=\"_blank\" rel=\"noopener\"><strong>Read more&#8230;<\/strong><\/a><\/p>\n","protected":false},"excerpt":{"rendered":"<p>O\u0161tro | 31\/01\/2023 Croatian &#8211; \u017dalbeni sud u Malti presudio je u korist Access Info Europe, nevladine organizacije sa sjedi\u0161tem u Madridu, utvrdiv\u0161i da je vlada Malte diskriminirala stranu gra\u0111anku tako \u0161to je prekr\u0161ila njezina prava na pristup informacijama. Read more&#8230;<\/p>\n","protected":false},"author":6,"featured_media":0,"comment_status":"closed","ping_status":"closed","sticky":false,"template":"","format":"standard","meta":{"footnotes":""},"categories":[153],"tags":[],"class_list":["post-38451","post","type-post","status-publish","format-standard","hentry","category-aieinthenews-2"],"_links":{"self":[{"href":"https:\/\/www.access-info.org\/es\/wp-json\/wp\/v2\/posts\/38451","targetHints":{"allow":["GET"]}}],"collection":[{"href":"https:\/\/www.access-info.org\/es\/wp-json\/wp\/v2\/posts"}],"about":[{"href":"https:\/\/www.access-info.org\/es\/wp-json\/wp\/v2\/types\/post"}],"author":[{"embeddable":true,"href":"https:\/\/www.access-info.org\/es\/wp-json\/wp\/v2\/users\/6"}],"replies":[{"embeddable":true,"href":"https:\/\/www.access-info.org\/es\/wp-json\/wp\/v2\/comments?post=38451"}],"version-history":[{"count":1,"href":"https:\/\/www.access-info.org\/es\/wp-json\/wp\/v2\/posts\/38451\/revisions"}],"predecessor-version":[{"id":38452,"href":"https:\/\/www.access-info.org\/es\/wp-json\/wp\/v2\/posts\/38451\/revisions\/38452"}],"wp:attachment":[{"href":"https:\/\/www.access-info.org\/es\/wp-json\/wp\/v2\/media?parent=38451"}],"wp:term":[{"taxonomy":"category","embeddable":true,"href":"https:\/\/www.access-info.org\/es\/wp-json\/wp\/v2\/categories?post=38451"},{"taxonomy":"post_tag","embeddable":true,"href":"https:\/\/www.access-info.org\/es\/wp-json\/wp\/v2\/tags?post=38451"}],"curies":[{"name":"wp","href":"https:\/\/api.w.org\/{rel}","templated":true}]}}